{"id":1276,"date":"2013-03-29T01:05:13","date_gmt":"2013-03-28T23:05:13","guid":{"rendered":"http:\/\/www.guiamanresa.com\/blogwp\/?p=1276"},"modified":"2016-03-25T18:25:01","modified_gmt":"2016-03-25T17:25:01","slug":"setmana-santa-a-manresa","status":"publish","type":"post","link":"https:\/\/www.guiamanresa.cat\/blogwp\/setmana-santa-a-manresa\/","title":{"rendered":"Setmana Santa a Manresa"},"content":{"rendered":"<p><a href=\"https:\/\/i0.wp.com\/www.guiamanresa.com\/blogwp\/wp-content\/uploads\/2013\/03\/cartell-setmana-santa-2016-manresa.jpg\" rel=\"attachment wp-att-3408\"><img data-recalc-dims=\"1\" loading=\"lazy\" decoding=\"async\" data-attachment-id=\"3408\" data-permalink=\"https:\/\/www.guiamanresa.cat\/blogwp\/setmana-santa-a-manresa\/cartell-setmana-santa-2016-manresa\/\" data-orig-file=\"https:\/\/i0.wp.com\/www.guiamanresa.cat\/blogwp\/wp-content\/uploads\/2013\/03\/cartell-setmana-santa-2016-manresa.jpg?fit=722%2C960&amp;ssl=1\" data-orig-size=\"722,960\" data-comments-opened=\"0\" data-image-meta=\"{&quot;aperture&quot;:&quot;0&quot;,&quot;credit&quot;:&quot;&quot;,&quot;camera&quot;:&quot;&quot;,&quot;caption&quot;:&quot;&quot;,&quot;created_timestamp&quot;:&quot;0&quot;,&quot;copyright&quot;:&quot;&quot;,&quot;focal_length&quot;:&quot;0&quot;,&quot;iso&quot;:&quot;0&quot;,&quot;shutter_speed&quot;:&quot;0&quot;,&quot;title&quot;:&quot;&quot;,&quot;orientation&quot;:&quot;0&quot;}\" data-image-title=\"cartell setmana santa 2016 manresa\" data-image-description=\"\" data-image-caption=\"\" data-medium-file=\"https:\/\/i0.wp.com\/www.guiamanresa.cat\/blogwp\/wp-content\/uploads\/2013\/03\/cartell-setmana-santa-2016-manresa.jpg?fit=226%2C300&amp;ssl=1\" data-large-file=\"https:\/\/i0.wp.com\/www.guiamanresa.cat\/blogwp\/wp-content\/uploads\/2013\/03\/cartell-setmana-santa-2016-manresa.jpg?fit=584%2C777&amp;ssl=1\" class=\"alignleft wp-image-3408\" src=\"https:\/\/i0.wp.com\/www.guiamanresa.com\/blogwp\/wp-content\/uploads\/2013\/03\/cartell-setmana-santa-2016-manresa.jpg?resize=584%2C777\" alt=\"cartell setmana santa 2016 manresa\" width=\"584\" height=\"777\" srcset=\"https:\/\/i0.wp.com\/www.guiamanresa.cat\/blogwp\/wp-content\/uploads\/2013\/03\/cartell-setmana-santa-2016-manresa.jpg?w=722&amp;ssl=1 722w, https:\/\/i0.wp.com\/www.guiamanresa.cat\/blogwp\/wp-content\/uploads\/2013\/03\/cartell-setmana-santa-2016-manresa.jpg?resize=226%2C300&amp;ssl=1 226w\" sizes=\"auto, (max-width: 584px) 100vw, 584px\" \/><\/a><\/p>\n<p><iframe loading=\"lazy\" src=\"http:\/\/www.guiamanresa.com\\guia\\festes\\setmanasanta12\\index.html\" width=\"1000\" height=\"750\" frameborder=\"0\" marginwidth=\"0\" marginheight=\"0\" scrolling=\"no\"><\/iframe><\/p>\n<p><a href=\"http:\/\/www.guiamanresa.com\/guia\/festes\/setmanasanta12\/ssanta.html\">Veure les imatges m\u00e9s grans<\/a><\/p>\n<p><strong><span style=\"color: #333333; font-family: Helvetica, sans-serif; font-size: 11.5pt;\">Itinerari \u00a0Process\u00f3 Divendres Sant a Manresa 2016<\/span><\/strong><\/p>\n<p style=\"margin-bottom: 19.5pt; line-height: 18.3pt; font-stretch: normal; orphans: auto; text-align: start; widows: 1; -webkit-text-stroke-width: 0px; word-spacing: 0px;\"><span style=\"font-size: 11.5pt; font-family: 'Helvetica','sans-serif'; color: #333333;\">Inici 20.30H<\/span><\/p>\n<p style=\"margin-bottom: 19.5pt; line-height: 18.3pt; font-stretch: normal; orphans: auto; text-align: start; widows: 1; -webkit-text-stroke-width: 0px; word-spacing: 0px;\"><span style=\"font-size: 11.5pt; font-family: 'Helvetica','sans-serif'; color: #333333;\">Bas\u00edlica de la Seu, Baixada de la Seu, Vallfonollosa, Pla\u00e7a Creus, Part alta de la Pla\u00e7a de la Reforma, Alfons XII, Plana de l&#8217;Om, Born, Pla\u00e7a Sant Dom\u00e8nec, Passeig Pere III, Pla\u00e7a de Crist Rei, \u00c0ngel Guimer\u00e0, Pla\u00e7a Sant Dom\u00e8nec, Born, Plana de l&#8217;Om &#8211; Les Piques, Na bastardes, Vallfonollosa, Baixada de la Seu, \u00a0i arribada a la\u00a0Bas\u00edlica de la Seu.<\/span><\/p>\n<p style=\"margin-bottom: 19.5pt; line-height: 18.3pt; font-stretch: normal; orphans: auto; text-align: start; widows: 1; -webkit-text-stroke-width: 0px; word-spacing: 0px;\">A.C.R. Armats de Manresa, Creu d&#8217;improperis, Pas Vivent del Crist Captiu, Confraria de la Mare de de D\u00e9u de la soledat, Associaci\u00f3 Reparadora de Pius IX\u00e8 cos de portants del Sant Crist de Manresa,\u00a0<a href=\"http:\/\/hermandadmacarenamanresa.com\/\" target=\"_blank\">Hermandad de la Macarena de Manresa<\/a>, Confraria del Cossos Sants, Confraria de la Pur\u00edssima , Pas d&#8217;en Jes\u00fas el Natzar\u00e9,\u00a0Congregaci\u00f3 de la Bona Mort i Dansa de la Mort, Confrar\u00eda del Natzar\u00e8,\u00a0Pas i pen\u00f3 de la congregaci\u00f3 de la Verge dels Dolors, Banda de la Uni\u00f3 musical del Bages, Coral l&#8217;Albada, etc&#8230;<\/p>\n<div id=\"attachment_3406\" style=\"width: 1655px\" class=\"wp-caption alignleft\"><a href=\"https:\/\/i0.wp.com\/www.guiamanresa.com\/blogwp\/wp-content\/uploads\/2013\/03\/congregaci%C3%B3-de-la-bona-mort-2016.jpg\" target=\"_blank\" rel=\"attachment wp-att-3406\"><img data-recalc-dims=\"1\" loading=\"lazy\" decoding=\"async\" aria-describedby=\"caption-attachment-3406\" data-attachment-id=\"3406\" data-permalink=\"https:\/\/www.guiamanresa.cat\/blogwp\/setmana-santa-a-manresa\/congregacio-de-la-bona-mort-2016\/\" data-orig-file=\"https:\/\/i0.wp.com\/www.guiamanresa.cat\/blogwp\/wp-content\/uploads\/2013\/03\/congregaci%C3%B3-de-la-bona-mort-2016.jpg?fit=1645%2C1155&amp;ssl=1\" data-orig-size=\"1645,1155\" data-comments-opened=\"0\" data-image-meta=\"{&quot;aperture&quot;:&quot;0&quot;,&quot;credit&quot;:&quot;&quot;,&quot;camera&quot;:&quot;&quot;,&quot;caption&quot;:&quot;&quot;,&quot;created_timestamp&quot;:&quot;0&quot;,&quot;copyright&quot;:&quot;&quot;,&quot;focal_length&quot;:&quot;0&quot;,&quot;iso&quot;:&quot;0&quot;,&quot;shutter_speed&quot;:&quot;0&quot;,&quot;title&quot;:&quot;&quot;,&quot;orientation&quot;:&quot;0&quot;}\" data-image-title=\"congregaci\u00f3 de la bona mort 2016\" data-image-description=\"\" data-image-caption=\"\" data-medium-file=\"https:\/\/i0.wp.com\/www.guiamanresa.cat\/blogwp\/wp-content\/uploads\/2013\/03\/congregaci%C3%B3-de-la-bona-mort-2016.jpg?fit=300%2C211&amp;ssl=1\" data-large-file=\"https:\/\/i0.wp.com\/www.guiamanresa.cat\/blogwp\/wp-content\/uploads\/2013\/03\/congregaci%C3%B3-de-la-bona-mort-2016.jpg?fit=584%2C410&amp;ssl=1\" class=\"wp-image-3406 size-full\" src=\"https:\/\/i0.wp.com\/www.guiamanresa.com\/blogwp\/wp-content\/uploads\/2013\/03\/congregaci%C3%B3-de-la-bona-mort-2016.jpg?resize=584%2C410\" alt=\"Congregaci\u00f3 de la bona mort 2016\" width=\"584\" height=\"410\" \/><\/a><p id=\"caption-attachment-3406\" class=\"wp-caption-text\">Congregaci\u00f3 de la Bona Mort i Dansa de la Mort de Manresa<\/p><\/div>\n<p style=\"margin-bottom: 19.5pt; line-height: 18.3pt; font-stretch: normal; orphans: auto; text-align: start; widows: 1; -webkit-text-stroke-width: 0px; word-spacing: 0px;\"><a href=\"http:\/\/www.guiamanresa.com\/guia\/festes\/setmanasanta10\/index.htm\" target=\"_blank\">Imatges process\u00f3 2010<\/a>\u00a0&#8211;\u00a0<a style=\"font-weight: 300;\" href=\"http:\/\/www.guiamanresa.com\/guia\/festes\/setmanasanta08\/index.htm\" target=\"_blank\">Imatges process\u00f3 2008<\/a><\/p>\n<p style=\"margin-bottom: 19.5pt; line-height: 18.3pt; font-stretch: normal; orphans: auto; text-align: start; widows: 1; -webkit-text-stroke-width: 0px; word-spacing: 0px;\"><a href=\"http:\/\/www.lapassio.net\/\" target=\"_blank\">La Passi\u00f3 d&#8217;Esparreguera<\/a><br \/>\n<a href=\"http:\/\/www.lapassio.cat\/\" target=\"_blank\">La Passi\u00f3 d&#8217;Olesa de Montserrat<\/a><br \/>\n<a href=\"http:\/\/www.lapassiodecervera.com\/\" target=\"_blank\">La Passi\u00f3 de Cervera<\/a><br \/>\n<a href=\"http:\/\/misterisolesa.cat\/\" target=\"_blank\">Col\u00b7lectiu Misteris d&#8217;Olesa de Montserrat<\/a><br \/>\n<a href=\"http:\/\/www.laprocesso.cat\/\" target=\"_blank\">La Process\u00f3 de Verges i Dansa de la Mort<\/a><\/p>\n<p style=\"margin-bottom: 19.5pt; line-height: 18.3pt; font-stretch: normal; orphans: auto; text-align: start; widows: 1; -webkit-text-stroke-width: 0px; word-spacing: 0px;\"><a href=\"http:\/\/www.laprocesso.cat\/\" target=\"_blank\">\u00a0<\/a><\/p>\n<!-- AddThis Advanced Settings generic via filter on the_content --><!-- AddThis Share Buttons generic via filter on the_content -->","protected":false},"excerpt":{"rendered":"<p>Veure les imatges m\u00e9s grans Itinerari \u00a0Process\u00f3 Divendres Sant a Manresa 2016 Inici 20.30H Bas\u00edlica de la Seu, Baixada de la Seu, Vallfonollosa, Pla\u00e7a Creus, Part alta de la Pla\u00e7a de la Reforma, Alfons XII, Plana de l&#8217;Om, Born, Pla\u00e7a &hellip; <a href=\"https:\/\/www.guiamanresa.cat\/blogwp\/setmana-santa-a-manresa\/\">Continua llegint <span class=\"meta-nav\">&rarr;<\/span><\/a><!-- AddThis Advanced Settings generic via filter on get_the_excerpt --><!-- AddThis Share Buttons generic via filter on get_the_excerpt --><\/p>\n","protected":false},"author":1,"featured_media":1267,"comment_status":"closed","ping_status":"open","sticky":false,"template":"","format":"standard","meta":{"ngg_post_thumbnail":0,"_jetpack_memberships_contains_paid_content":false,"footnotes":"","jetpack_publicize_message":"","jetpack_publicize_feature_enabled":true,"jetpack_social_post_already_shared":false,"jetpack_social_options":{"image_generator_settings":{"template":"highway","default_image_id":0,"font":"","enabled":false},"version":2}},"categories":[1],"tags":[85],"class_list":["post-1276","post","type-post","status-publish","format-standard","has-post-thumbnail","hentry","category-general","tag-setmana-santa"],"yoast_head":"<!-- This site is optimized with the Yoast SEO plugin v26.8 - https:\/\/yoast.com\/product\/yoast-seo-wordpress\/ -->\n<title>Process\u00f3 divendres Sant a Manresa<\/title>\n<meta name=\"robots\" content=\"index, follow, max-snippet:-1, max-image-preview:large, max-video-preview:-1\" \/>\n<link rel=\"canonical\" href=\"https:\/\/www.guiamanresa.cat\/blogwp\/setmana-santa-a-manresa\/\" \/>\n<meta property=\"og:locale\" content=\"ca_ES\" \/>\n<meta property=\"og:type\" content=\"article\" \/>\n<meta property=\"og:title\" content=\"Process\u00f3 divendres Sant a Manresa\" \/>\n<meta property=\"og:description\" content=\"Veure les imatges m\u00e9s grans Itinerari \u00a0Process\u00f3 Divendres Sant a Manresa 2016 Inici 20.30H Bas\u00edlica de la Seu, Baixada de la Seu, Vallfonollosa, Pla\u00e7a Creus, Part alta de la Pla\u00e7a de la Reforma, Alfons XII, Plana de l&#8217;Om, Born, Pla\u00e7a &hellip; Continua llegint &rarr;\" \/>\n<meta property=\"og:url\" content=\"https:\/\/www.guiamanresa.cat\/blogwp\/setmana-santa-a-manresa\/\" \/>\n<meta property=\"og:site_name\" content=\"Blog Guia Manresa\" \/>\n<meta property=\"article:publisher\" content=\"https:\/\/www.facebook.com\/guiamanresa\/\" \/>\n<meta property=\"article:published_time\" content=\"2013-03-28T23:05:13+00:00\" \/>\n<meta property=\"article:modified_time\" content=\"2016-03-25T17:25:01+00:00\" \/>\n<meta property=\"og:image\" content=\"https:\/\/i2.wp.com\/www.guiamanresa.cat\/blogwp\/wp-content\/uploads\/2013\/03\/cropped-setmanasanta_manresa.jpg?fit=1000%2C288&ssl=1\" \/>\n\t<meta property=\"og:image:width\" content=\"1000\" \/>\n\t<meta property=\"og:image:height\" content=\"288\" \/>\n\t<meta property=\"og:image:type\" content=\"image\/jpeg\" \/>\n<meta name=\"author\" content=\"Pius\" \/>\n<meta name=\"twitter:label1\" content=\"Escrit per\" \/>\n\t<meta name=\"twitter:data1\" content=\"Pius\" \/>\n\t<meta name=\"twitter:label2\" content=\"Temps estimat de lectura\" \/>\n\t<meta name=\"twitter:data2\" content=\"1 minut\" \/>\n<script type=\"application\/ld+json\" class=\"yoast-schema-graph\">{\"@context\":\"https:\/\/schema.org\",\"@graph\":[{\"@type\":\"Article\",\"@id\":\"https:\/\/www.guiamanresa.cat\/blogwp\/setmana-santa-a-manresa\/#article\",\"isPartOf\":{\"@id\":\"https:\/\/www.guiamanresa.cat\/blogwp\/setmana-santa-a-manresa\/\"},\"author\":{\"name\":\"Pius\",\"@id\":\"https:\/\/www.guiamanresa.cat\/blogwp\/#\/schema\/person\/b3e50b197b2a3cc208c099d067b3f1ae\"},\"headline\":\"Setmana Santa a Manresa\",\"datePublished\":\"2013-03-28T23:05:13+00:00\",\"dateModified\":\"2016-03-25T17:25:01+00:00\",\"mainEntityOfPage\":{\"@id\":\"https:\/\/www.guiamanresa.cat\/blogwp\/setmana-santa-a-manresa\/\"},\"wordCount\":241,\"image\":{\"@id\":\"https:\/\/www.guiamanresa.cat\/blogwp\/setmana-santa-a-manresa\/#primaryimage\"},\"thumbnailUrl\":\"https:\/\/i0.wp.com\/www.guiamanresa.cat\/blogwp\/wp-content\/uploads\/2013\/03\/cropped-setmanasanta_manresa.jpg?fit=1000%2C288&ssl=1\",\"keywords\":[\"setmana santa\"],\"articleSection\":[\"General\"],\"inLanguage\":\"ca\"},{\"@type\":\"WebPage\",\"@id\":\"https:\/\/www.guiamanresa.cat\/blogwp\/setmana-santa-a-manresa\/\",\"url\":\"https:\/\/www.guiamanresa.cat\/blogwp\/setmana-santa-a-manresa\/\",\"name\":\"Process\u00f3 divendres Sant a Manresa\",\"isPartOf\":{\"@id\":\"https:\/\/www.guiamanresa.cat\/blogwp\/#website\"},\"primaryImageOfPage\":{\"@id\":\"https:\/\/www.guiamanresa.cat\/blogwp\/setmana-santa-a-manresa\/#primaryimage\"},\"image\":{\"@id\":\"https:\/\/www.guiamanresa.cat\/blogwp\/setmana-santa-a-manresa\/#primaryimage\"},\"thumbnailUrl\":\"https:\/\/i0.wp.com\/www.guiamanresa.cat\/blogwp\/wp-content\/uploads\/2013\/03\/cropped-setmanasanta_manresa.jpg?fit=1000%2C288&ssl=1\",\"datePublished\":\"2013-03-28T23:05:13+00:00\",\"dateModified\":\"2016-03-25T17:25:01+00:00\",\"author\":{\"@id\":\"https:\/\/www.guiamanresa.cat\/blogwp\/#\/schema\/person\/b3e50b197b2a3cc208c099d067b3f1ae\"},\"breadcrumb\":{\"@id\":\"https:\/\/www.guiamanresa.cat\/blogwp\/setmana-santa-a-manresa\/#breadcrumb\"},\"inLanguage\":\"ca\",\"potentialAction\":[{\"@type\":\"ReadAction\",\"target\":[\"https:\/\/www.guiamanresa.cat\/blogwp\/setmana-santa-a-manresa\/\"]}]},{\"@type\":\"ImageObject\",\"inLanguage\":\"ca\",\"@id\":\"https:\/\/www.guiamanresa.cat\/blogwp\/setmana-santa-a-manresa\/#primaryimage\",\"url\":\"https:\/\/i0.wp.com\/www.guiamanresa.cat\/blogwp\/wp-content\/uploads\/2013\/03\/cropped-setmanasanta_manresa.jpg?fit=1000%2C288&ssl=1\",\"contentUrl\":\"https:\/\/i0.wp.com\/www.guiamanresa.cat\/blogwp\/wp-content\/uploads\/2013\/03\/cropped-setmanasanta_manresa.jpg?fit=1000%2C288&ssl=1\",\"width\":1000,\"height\":288},{\"@type\":\"BreadcrumbList\",\"@id\":\"https:\/\/www.guiamanresa.cat\/blogwp\/setmana-santa-a-manresa\/#breadcrumb\",\"itemListElement\":[{\"@type\":\"ListItem\",\"position\":1,\"name\":\"Inici\",\"item\":\"https:\/\/www.guiamanresa.cat\/blogwp\/\"},{\"@type\":\"ListItem\",\"position\":2,\"name\":\"Setmana Santa a Manresa\"}]},{\"@type\":\"WebSite\",\"@id\":\"https:\/\/www.guiamanresa.cat\/blogwp\/#website\",\"url\":\"https:\/\/www.guiamanresa.cat\/blogwp\/\",\"name\":\"Blog Guia Manresa\",\"description\":\"El blog de la Guia de Manresa\",\"potentialAction\":[{\"@type\":\"SearchAction\",\"target\":{\"@type\":\"EntryPoint\",\"urlTemplate\":\"https:\/\/www.guiamanresa.cat\/blogwp\/?s={search_term_string}\"},\"query-input\":{\"@type\":\"PropertyValueSpecification\",\"valueRequired\":true,\"valueName\":\"search_term_string\"}}],\"inLanguage\":\"ca\"},{\"@type\":\"Person\",\"@id\":\"https:\/\/www.guiamanresa.cat\/blogwp\/#\/schema\/person\/b3e50b197b2a3cc208c099d067b3f1ae\",\"name\":\"Pius\",\"description\":\"Guia de Manresa, del Bages i de la Catalunya Central -Guia Cultural, Social i Comercial - des de l'any 2000 al servei de la Catalunya central.\",\"sameAs\":[\"http:\/\/www.guiamanresa.com\",\"https:\/\/x.com\/guiamanresa\"],\"url\":\"https:\/\/www.guiamanresa.cat\/blogwp\/author\/pius\/\"}]}<\/script>\n<!-- \/ Yoast SEO plugin. -->","yoast_head_json":{"title":"Process\u00f3 divendres Sant a Manresa","robots":{"index":"index","follow":"follow","max-snippet":"max-snippet:-1","max-image-preview":"max-image-preview:large","max-video-preview":"max-video-preview:-1"},"canonical":"https:\/\/www.guiamanresa.cat\/blogwp\/setmana-santa-a-manresa\/","og_locale":"ca_ES","og_type":"article","og_title":"Process\u00f3 divendres Sant a Manresa","og_description":"Veure les imatges m\u00e9s grans Itinerari \u00a0Process\u00f3 Divendres Sant a Manresa 2016 Inici 20.30H Bas\u00edlica de la Seu, Baixada de la Seu, Vallfonollosa, Pla\u00e7a Creus, Part alta de la Pla\u00e7a de la Reforma, Alfons XII, Plana de l&#8217;Om, Born, Pla\u00e7a &hellip; Continua llegint &rarr;","og_url":"https:\/\/www.guiamanresa.cat\/blogwp\/setmana-santa-a-manresa\/","og_site_name":"Blog Guia Manresa","article_publisher":"https:\/\/www.facebook.com\/guiamanresa\/","article_published_time":"2013-03-28T23:05:13+00:00","article_modified_time":"2016-03-25T17:25:01+00:00","og_image":[{"width":1000,"height":288,"url":"https:\/\/i2.wp.com\/www.guiamanresa.cat\/blogwp\/wp-content\/uploads\/2013\/03\/cropped-setmanasanta_manresa.jpg?fit=1000%2C288&ssl=1","type":"image\/jpeg"}],"author":"Pius","twitter_misc":{"Escrit per":"Pius","Temps estimat de lectura":"1 minut"},"schema":{"@context":"https:\/\/schema.org","@graph":[{"@type":"Article","@id":"https:\/\/www.guiamanresa.cat\/blogwp\/setmana-santa-a-manresa\/#article","isPartOf":{"@id":"https:\/\/www.guiamanresa.cat\/blogwp\/setmana-santa-a-manresa\/"},"author":{"name":"Pius","@id":"https:\/\/www.guiamanresa.cat\/blogwp\/#\/schema\/person\/b3e50b197b2a3cc208c099d067b3f1ae"},"headline":"Setmana Santa a Manresa","datePublished":"2013-03-28T23:05:13+00:00","dateModified":"2016-03-25T17:25:01+00:00","mainEntityOfPage":{"@id":"https:\/\/www.guiamanresa.cat\/blogwp\/setmana-santa-a-manresa\/"},"wordCount":241,"image":{"@id":"https:\/\/www.guiamanresa.cat\/blogwp\/setmana-santa-a-manresa\/#primaryimage"},"thumbnailUrl":"https:\/\/i0.wp.com\/www.guiamanresa.cat\/blogwp\/wp-content\/uploads\/2013\/03\/cropped-setmanasanta_manresa.jpg?fit=1000%2C288&ssl=1","keywords":["setmana santa"],"articleSection":["General"],"inLanguage":"ca"},{"@type":"WebPage","@id":"https:\/\/www.guiamanresa.cat\/blogwp\/setmana-santa-a-manresa\/","url":"https:\/\/www.guiamanresa.cat\/blogwp\/setmana-santa-a-manresa\/","name":"Process\u00f3 divendres Sant a Manresa","isPartOf":{"@id":"https:\/\/www.guiamanresa.cat\/blogwp\/#website"},"primaryImageOfPage":{"@id":"https:\/\/www.guiamanresa.cat\/blogwp\/setmana-santa-a-manresa\/#primaryimage"},"image":{"@id":"https:\/\/www.guiamanresa.cat\/blogwp\/setmana-santa-a-manresa\/#primaryimage"},"thumbnailUrl":"https:\/\/i0.wp.com\/www.guiamanresa.cat\/blogwp\/wp-content\/uploads\/2013\/03\/cropped-setmanasanta_manresa.jpg?fit=1000%2C288&ssl=1","datePublished":"2013-03-28T23:05:13+00:00","dateModified":"2016-03-25T17:25:01+00:00","author":{"@id":"https:\/\/www.guiamanresa.cat\/blogwp\/#\/schema\/person\/b3e50b197b2a3cc208c099d067b3f1ae"},"breadcrumb":{"@id":"https:\/\/www.guiamanresa.cat\/blogwp\/setmana-santa-a-manresa\/#breadcrumb"},"inLanguage":"ca","potentialAction":[{"@type":"ReadAction","target":["https:\/\/www.guiamanresa.cat\/blogwp\/setmana-santa-a-manresa\/"]}]},{"@type":"ImageObject","inLanguage":"ca","@id":"https:\/\/www.guiamanresa.cat\/blogwp\/setmana-santa-a-manresa\/#primaryimage","url":"https:\/\/i0.wp.com\/www.guiamanresa.cat\/blogwp\/wp-content\/uploads\/2013\/03\/cropped-setmanasanta_manresa.jpg?fit=1000%2C288&ssl=1","contentUrl":"https:\/\/i0.wp.com\/www.guiamanresa.cat\/blogwp\/wp-content\/uploads\/2013\/03\/cropped-setmanasanta_manresa.jpg?fit=1000%2C288&ssl=1","width":1000,"height":288},{"@type":"BreadcrumbList","@id":"https:\/\/www.guiamanresa.cat\/blogwp\/setmana-santa-a-manresa\/#breadcrumb","itemListElement":[{"@type":"ListItem","position":1,"name":"Inici","item":"https:\/\/www.guiamanresa.cat\/blogwp\/"},{"@type":"ListItem","position":2,"name":"Setmana Santa a Manresa"}]},{"@type":"WebSite","@id":"https:\/\/www.guiamanresa.cat\/blogwp\/#website","url":"https:\/\/www.guiamanresa.cat\/blogwp\/","name":"Blog Guia Manresa","description":"El blog de la Guia de Manresa","potentialAction":[{"@type":"SearchAction","target":{"@type":"EntryPoint","urlTemplate":"https:\/\/www.guiamanresa.cat\/blogwp\/?s={search_term_string}"},"query-input":{"@type":"PropertyValueSpecification","valueRequired":true,"valueName":"search_term_string"}}],"inLanguage":"ca"},{"@type":"Person","@id":"https:\/\/www.guiamanresa.cat\/blogwp\/#\/schema\/person\/b3e50b197b2a3cc208c099d067b3f1ae","name":"Pius","description":"Guia de Manresa, del Bages i de la Catalunya Central -Guia Cultural, Social i Comercial - des de l'any 2000 al servei de la Catalunya central.","sameAs":["http:\/\/www.guiamanresa.com","https:\/\/x.com\/guiamanresa"],"url":"https:\/\/www.guiamanresa.cat\/blogwp\/author\/pius\/"}]}},"jetpack_publicize_connections":[],"jetpack_featured_media_url":"https:\/\/i0.wp.com\/www.guiamanresa.cat\/blogwp\/wp-content\/uploads\/2013\/03\/cropped-setmanasanta_manresa.jpg?fit=1000%2C288&ssl=1","jetpack_shortlink":"https:\/\/wp.me\/p5hMrg-kA","jetpack_sharing_enabled":true,"jetpack_likes_enabled":true,"_links":{"self":[{"href":"https:\/\/www.guiamanresa.cat\/blogwp\/wp-json\/wp\/v2\/posts\/1276","targetHints":{"allow":["GET"]}}],"collection":[{"href":"https:\/\/www.guiamanresa.cat\/blogwp\/wp-json\/wp\/v2\/posts"}],"about":[{"href":"https:\/\/www.guiamanresa.cat\/blogwp\/wp-json\/wp\/v2\/types\/post"}],"author":[{"embeddable":true,"href":"https:\/\/www.guiamanresa.cat\/blogwp\/wp-json\/wp\/v2\/users\/1"}],"replies":[{"embeddable":true,"href":"https:\/\/www.guiamanresa.cat\/blogwp\/wp-json\/wp\/v2\/comments?post=1276"}],"version-history":[{"count":25,"href":"https:\/\/www.guiamanresa.cat\/blogwp\/wp-json\/wp\/v2\/posts\/1276\/revisions"}],"predecessor-version":[{"id":3420,"href":"https:\/\/www.guiamanresa.cat\/blogwp\/wp-json\/wp\/v2\/posts\/1276\/revisions\/3420"}],"wp:featuredmedia":[{"embeddable":true,"href":"https:\/\/www.guiamanresa.cat\/blogwp\/wp-json\/wp\/v2\/media\/1267"}],"wp:attachment":[{"href":"https:\/\/www.guiamanresa.cat\/blogwp\/wp-json\/wp\/v2\/media?parent=1276"}],"wp:term":[{"taxonomy":"category","embeddable":true,"href":"https:\/\/www.guiamanresa.cat\/blogwp\/wp-json\/wp\/v2\/categories?post=1276"},{"taxonomy":"post_tag","embeddable":true,"href":"https:\/\/www.guiamanresa.cat\/blogwp\/wp-json\/wp\/v2\/tags?post=1276"}],"curies":[{"name":"wp","href":"https:\/\/api.w.org\/{rel}","templated":true}]}}