{"id":2160,"date":"2014-05-06T17:04:31","date_gmt":"2014-05-06T15:04:31","guid":{"rendered":"http:\/\/www.guiamanresa.com\/blogwp\/?p=2160"},"modified":"2014-05-06T17:04:31","modified_gmt":"2014-05-06T15:04:31","slug":"cicle-de-conferencies-9-12-19-maig-catalunya-europa","status":"publish","type":"post","link":"https:\/\/www.guiamanresa.cat\/blogwp\/cicle-de-conferencies-9-12-19-maig-catalunya-europa\/","title":{"rendered":"Cicle de confer\u00e8ncies &#8211;  9, 12 i 19 maig &#8211;  Catalunya a Europa"},"content":{"rendered":"<p><strong>Cicle de confer\u00e8ncies &#8211;\u00a0\u00a09, 12 i 19 maig &#8211;\u00a0<\/strong><strong><em>\u00a0Catalunya a Europa<\/em><\/strong><\/p>\n<p><a href=\"https:\/\/i0.wp.com\/www.guiamanresa.com\/blogwp\/wp-content\/uploads\/2014\/05\/Catalunya-a-Europa-cartell_1024.jpg\"><img data-recalc-dims=\"1\" loading=\"lazy\" decoding=\"async\" data-attachment-id=\"2161\" data-permalink=\"https:\/\/www.guiamanresa.cat\/blogwp\/cicle-de-conferencies-9-12-19-maig-catalunya-europa\/catalunya-a-europa-cartell_1024\/\" data-orig-file=\"https:\/\/i0.wp.com\/www.guiamanresa.cat\/blogwp\/wp-content\/uploads\/2014\/05\/Catalunya-a-Europa-cartell_1024.jpg?fit=1024%2C1455&amp;ssl=1\" data-orig-size=\"1024,1455\" data-comments-opened=\"0\" data-image-meta=\"{&quot;aperture&quot;:&quot;0&quot;,&quot;credit&quot;:&quot;&quot;,&quot;camera&quot;:&quot;&quot;,&quot;caption&quot;:&quot;&quot;,&quot;created_timestamp&quot;:&quot;0&quot;,&quot;copyright&quot;:&quot;&quot;,&quot;focal_length&quot;:&quot;0&quot;,&quot;iso&quot;:&quot;0&quot;,&quot;shutter_speed&quot;:&quot;0&quot;,&quot;title&quot;:&quot;&quot;}\" data-image-title=\"Catalunya a Europa cartell_1024\" data-image-description=\"\" data-image-caption=\"\" data-medium-file=\"https:\/\/i0.wp.com\/www.guiamanresa.cat\/blogwp\/wp-content\/uploads\/2014\/05\/Catalunya-a-Europa-cartell_1024.jpg?fit=211%2C300&amp;ssl=1\" data-large-file=\"https:\/\/i0.wp.com\/www.guiamanresa.cat\/blogwp\/wp-content\/uploads\/2014\/05\/Catalunya-a-Europa-cartell_1024.jpg?fit=584%2C831&amp;ssl=1\" class=\"aligncenter wp-image-2161 size-large\" src=\"https:\/\/i0.wp.com\/www.guiamanresa.com\/blogwp\/wp-content\/uploads\/2014\/05\/Catalunya-a-Europa-cartell_1024-720x1024.jpg?resize=584%2C830\" alt=\"Catalunya a Europa cartell_1024\" width=\"584\" height=\"830\" srcset=\"https:\/\/i0.wp.com\/www.guiamanresa.cat\/blogwp\/wp-content\/uploads\/2014\/05\/Catalunya-a-Europa-cartell_1024.jpg?resize=720%2C1024&amp;ssl=1 720w, https:\/\/i0.wp.com\/www.guiamanresa.cat\/blogwp\/wp-content\/uploads\/2014\/05\/Catalunya-a-Europa-cartell_1024.jpg?resize=211%2C300&amp;ssl=1 211w, https:\/\/i0.wp.com\/www.guiamanresa.cat\/blogwp\/wp-content\/uploads\/2014\/05\/Catalunya-a-Europa-cartell_1024.jpg?w=1024&amp;ssl=1 1024w\" sizes=\"auto, (max-width: 584px) 100vw, 584px\" \/><\/a><\/p>\n<p>Quins s\u00f3n els costos d&#8217;una Catalunya independent? Quines serien les relacions comercials en el cas que Catalunya qued\u00e9s fora de la Uni\u00f3 Europea (UE) i com se&#8217;n podrien ressentir? En el cas hipot\u00e8tic de que Catalunya es declari independent, hi haur\u00e0 d&#8217;haver un proc\u00e9s de transici\u00f3 fins que els altres estats no la reconeguin com un pa\u00eds independent? Catalunya estar\u00e0 a dins de la UE?<\/p>\n<p>En plena campanya per les Eleccions al Parlament Europeu, l\u2019Assemblea Nacional Catalana, el Cercle Catal\u00e0 de Negocis i \u00d2mnium Bages us proposen per aquest mes de maig un cicle de confer\u00e8ncies a l\u2019auditori de la Plana de l\u2019Om, de Manresa, sobre <em>Catalunya a Europa<\/em>, en qu\u00e8 els ponents exposaran quina \u00e9s la seva percepci\u00f3 del proc\u00e9s que viu el pa\u00eds, amb l\u2019objectiu de debatre sobre el futur d\u2019una Catalunya independent en el marc europeu, dins un m\u00f3n global com l&#8217;actual. Aquest cicle pret\u00e9n posar en relleu q\u00fcestions pol\u00edtiques, econ\u00f2miques i socials en una Catalunya independent i s\u2019ha estructurat en tres confer\u00e8ncies, obertes a tothom, a c\u00e0rrec de Josep Maria Reniu, cap d\u2019Estudis de Ci\u00e8ncia Pol\u00edtica i de l\u2019Administraci\u00f3 de la Universitat de Barcelona i membre del Consell Assessor per a la Transici\u00f3 Nacional (presentat per Marcel Mateu), <strong><em>el divendres 9 de maig<\/em><\/strong>; Marta Espasa, professora titular d&#8217;Hisenda P\u00fablica de la Universitat de Barcelona (presentada per Pere Masseg\u00fa), <strong><em>el dilluns 12 de maig<\/em><\/strong>, i \u00c0ngel Casti\u00f1eira, professor d\u2019Esade i membre del Consell Assessor per a la Transici\u00f3 Nacional (presentat per Joan Badia), <strong><em>el dilluns 19 de maig.<\/em><\/strong><\/p>\n<p>Assemblea Nacional Catalana, el Cercle Catal\u00e0 de Negocis i \u00d2mnium Bages<\/p>\n<!-- AddThis Advanced Settings generic via filter on the_content --><!-- AddThis Share Buttons generic via filter on the_content -->","protected":false},"excerpt":{"rendered":"<p>Cicle de confer\u00e8ncies &#8211;\u00a0\u00a09, 12 i 19 maig &#8211;\u00a0\u00a0Catalunya a Europa Quins s\u00f3n els costos d&#8217;una Catalunya independent? Quines serien les relacions comercials en el cas que Catalunya qued\u00e9s fora de la Uni\u00f3 Europea (UE) i com se&#8217;n podrien ressentir? &hellip; <a href=\"https:\/\/www.guiamanresa.cat\/blogwp\/cicle-de-conferencies-9-12-19-maig-catalunya-europa\/\">Continua llegint <span class=\"meta-nav\">&rarr;<\/span><\/a><!-- AddThis Advanced Settings generic via filter on get_the_excerpt --><!-- AddThis Share Buttons generic via filter on get_the_excerpt --><\/p>\n","protected":false},"author":1,"featured_media":0,"comment_status":"closed","ping_status":"closed","sticky":false,"template":"","format":"standard","meta":{"ngg_post_thumbnail":0,"_jetpack_memberships_contains_paid_content":false,"footnotes":"","jetpack_publicize_message":"","jetpack_publicize_feature_enabled":true,"jetpack_social_post_already_shared":false,"jetpack_social_options":{"image_generator_settings":{"template":"highway","default_image_id":0,"font":"","enabled":false},"version":2}},"categories":[1],"tags":[],"class_list":["post-2160","post","type-post","status-publish","format-standard","hentry","category-general"],"yoast_head":"<!-- This site is optimized with the Yoast SEO plugin v26.8 - https:\/\/yoast.com\/product\/yoast-seo-wordpress\/ -->\n<title>Cicle de confer\u00e8ncies - Catalunya a Europa<\/title>\n<meta name=\"robots\" content=\"index, follow, max-snippet:-1, max-image-preview:large, max-video-preview:-1\" \/>\n<link rel=\"canonical\" href=\"https:\/\/www.guiamanresa.cat\/blogwp\/cicle-de-conferencies-9-12-19-maig-catalunya-europa\/\" \/>\n<meta property=\"og:locale\" content=\"ca_ES\" \/>\n<meta property=\"og:type\" content=\"article\" \/>\n<meta property=\"og:title\" content=\"Cicle de confer\u00e8ncies - Catalunya a Europa\" \/>\n<meta property=\"og:description\" content=\"Cicle de confer\u00e8ncies &#8211;\u00a0\u00a09, 12 i 19 maig &#8211;\u00a0\u00a0Catalunya a Europa Quins s\u00f3n els costos d&#8217;una Catalunya independent? Quines serien les relacions comercials en el cas que Catalunya qued\u00e9s fora de la Uni\u00f3 Europea (UE) i com se&#8217;n podrien ressentir? &hellip; Continua llegint &rarr;\" \/>\n<meta property=\"og:url\" content=\"https:\/\/www.guiamanresa.cat\/blogwp\/cicle-de-conferencies-9-12-19-maig-catalunya-europa\/\" \/>\n<meta property=\"og:site_name\" content=\"Blog Guia Manresa\" \/>\n<meta property=\"article:publisher\" content=\"https:\/\/www.facebook.com\/guiamanresa\/\" \/>\n<meta property=\"article:published_time\" content=\"2014-05-06T15:04:31+00:00\" \/>\n<meta property=\"og:image\" content=\"http:\/\/www.guiamanresa.com\/blogwp\/wp-content\/uploads\/2014\/05\/Catalunya-a-Europa-cartell_1024-720x1024.jpg\" \/>\n<meta name=\"author\" content=\"Pius\" \/>\n<meta name=\"twitter:label1\" content=\"Escrit per\" \/>\n\t<meta name=\"twitter:data1\" content=\"Pius\" \/>\n\t<meta name=\"twitter:label2\" content=\"Temps estimat de lectura\" \/>\n\t<meta name=\"twitter:data2\" content=\"1 minut\" \/>\n<script type=\"application\/ld+json\" class=\"yoast-schema-graph\">{\"@context\":\"https:\/\/schema.org\",\"@graph\":[{\"@type\":\"Article\",\"@id\":\"https:\/\/www.guiamanresa.cat\/blogwp\/cicle-de-conferencies-9-12-19-maig-catalunya-europa\/#article\",\"isPartOf\":{\"@id\":\"https:\/\/www.guiamanresa.cat\/blogwp\/cicle-de-conferencies-9-12-19-maig-catalunya-europa\/\"},\"author\":{\"name\":\"Pius\",\"@id\":\"https:\/\/www.guiamanresa.cat\/blogwp\/#\/schema\/person\/b3e50b197b2a3cc208c099d067b3f1ae\"},\"headline\":\"Cicle de confer\u00e8ncies &#8211; 9, 12 i 19 maig &#8211; Catalunya a Europa\",\"datePublished\":\"2014-05-06T15:04:31+00:00\",\"mainEntityOfPage\":{\"@id\":\"https:\/\/www.guiamanresa.cat\/blogwp\/cicle-de-conferencies-9-12-19-maig-catalunya-europa\/\"},\"wordCount\":314,\"image\":{\"@id\":\"https:\/\/www.guiamanresa.cat\/blogwp\/cicle-de-conferencies-9-12-19-maig-catalunya-europa\/#primaryimage\"},\"thumbnailUrl\":\"http:\/\/www.guiamanresa.com\/blogwp\/wp-content\/uploads\/2014\/05\/Catalunya-a-Europa-cartell_1024-720x1024.jpg\",\"articleSection\":[\"General\"],\"inLanguage\":\"ca\"},{\"@type\":\"WebPage\",\"@id\":\"https:\/\/www.guiamanresa.cat\/blogwp\/cicle-de-conferencies-9-12-19-maig-catalunya-europa\/\",\"url\":\"https:\/\/www.guiamanresa.cat\/blogwp\/cicle-de-conferencies-9-12-19-maig-catalunya-europa\/\",\"name\":\"Cicle de confer\u00e8ncies - Catalunya a Europa\",\"isPartOf\":{\"@id\":\"https:\/\/www.guiamanresa.cat\/blogwp\/#website\"},\"primaryImageOfPage\":{\"@id\":\"https:\/\/www.guiamanresa.cat\/blogwp\/cicle-de-conferencies-9-12-19-maig-catalunya-europa\/#primaryimage\"},\"image\":{\"@id\":\"https:\/\/www.guiamanresa.cat\/blogwp\/cicle-de-conferencies-9-12-19-maig-catalunya-europa\/#primaryimage\"},\"thumbnailUrl\":\"http:\/\/www.guiamanresa.com\/blogwp\/wp-content\/uploads\/2014\/05\/Catalunya-a-Europa-cartell_1024-720x1024.jpg\",\"datePublished\":\"2014-05-06T15:04:31+00:00\",\"author\":{\"@id\":\"https:\/\/www.guiamanresa.cat\/blogwp\/#\/schema\/person\/b3e50b197b2a3cc208c099d067b3f1ae\"},\"breadcrumb\":{\"@id\":\"https:\/\/www.guiamanresa.cat\/blogwp\/cicle-de-conferencies-9-12-19-maig-catalunya-europa\/#breadcrumb\"},\"inLanguage\":\"ca\",\"potentialAction\":[{\"@type\":\"ReadAction\",\"target\":[\"https:\/\/www.guiamanresa.cat\/blogwp\/cicle-de-conferencies-9-12-19-maig-catalunya-europa\/\"]}]},{\"@type\":\"ImageObject\",\"inLanguage\":\"ca\",\"@id\":\"https:\/\/www.guiamanresa.cat\/blogwp\/cicle-de-conferencies-9-12-19-maig-catalunya-europa\/#primaryimage\",\"url\":\"http:\/\/www.guiamanresa.com\/blogwp\/wp-content\/uploads\/2014\/05\/Catalunya-a-Europa-cartell_1024-720x1024.jpg\",\"contentUrl\":\"http:\/\/www.guiamanresa.com\/blogwp\/wp-content\/uploads\/2014\/05\/Catalunya-a-Europa-cartell_1024-720x1024.jpg\"},{\"@type\":\"BreadcrumbList\",\"@id\":\"https:\/\/www.guiamanresa.cat\/blogwp\/cicle-de-conferencies-9-12-19-maig-catalunya-europa\/#breadcrumb\",\"itemListElement\":[{\"@type\":\"ListItem\",\"position\":1,\"name\":\"Inici\",\"item\":\"https:\/\/www.guiamanresa.cat\/blogwp\/\"},{\"@type\":\"ListItem\",\"position\":2,\"name\":\"Cicle de confer\u00e8ncies &#8211; 9, 12 i 19 maig &#8211; Catalunya a Europa\"}]},{\"@type\":\"WebSite\",\"@id\":\"https:\/\/www.guiamanresa.cat\/blogwp\/#website\",\"url\":\"https:\/\/www.guiamanresa.cat\/blogwp\/\",\"name\":\"Blog Guia Manresa\",\"description\":\"El blog de la Guia de Manresa\",\"potentialAction\":[{\"@type\":\"SearchAction\",\"target\":{\"@type\":\"EntryPoint\",\"urlTemplate\":\"https:\/\/www.guiamanresa.cat\/blogwp\/?s={search_term_string}\"},\"query-input\":{\"@type\":\"PropertyValueSpecification\",\"valueRequired\":true,\"valueName\":\"search_term_string\"}}],\"inLanguage\":\"ca\"},{\"@type\":\"Person\",\"@id\":\"https:\/\/www.guiamanresa.cat\/blogwp\/#\/schema\/person\/b3e50b197b2a3cc208c099d067b3f1ae\",\"name\":\"Pius\",\"description\":\"Guia de Manresa, del Bages i de la Catalunya Central -Guia Cultural, Social i Comercial - des de l'any 2000 al servei de la Catalunya central.\",\"sameAs\":[\"http:\/\/www.guiamanresa.com\",\"https:\/\/x.com\/guiamanresa\"],\"url\":\"https:\/\/www.guiamanresa.cat\/blogwp\/author\/pius\/\"}]}<\/script>\n<!-- \/ Yoast SEO plugin. -->","yoast_head_json":{"title":"Cicle de confer\u00e8ncies - Catalunya a Europa","robots":{"index":"index","follow":"follow","max-snippet":"max-snippet:-1","max-image-preview":"max-image-preview:large","max-video-preview":"max-video-preview:-1"},"canonical":"https:\/\/www.guiamanresa.cat\/blogwp\/cicle-de-conferencies-9-12-19-maig-catalunya-europa\/","og_locale":"ca_ES","og_type":"article","og_title":"Cicle de confer\u00e8ncies - Catalunya a Europa","og_description":"Cicle de confer\u00e8ncies &#8211;\u00a0\u00a09, 12 i 19 maig &#8211;\u00a0\u00a0Catalunya a Europa Quins s\u00f3n els costos d&#8217;una Catalunya independent? Quines serien les relacions comercials en el cas que Catalunya qued\u00e9s fora de la Uni\u00f3 Europea (UE) i com se&#8217;n podrien ressentir? &hellip; Continua llegint &rarr;","og_url":"https:\/\/www.guiamanresa.cat\/blogwp\/cicle-de-conferencies-9-12-19-maig-catalunya-europa\/","og_site_name":"Blog Guia Manresa","article_publisher":"https:\/\/www.facebook.com\/guiamanresa\/","article_published_time":"2014-05-06T15:04:31+00:00","og_image":[{"url":"http:\/\/www.guiamanresa.com\/blogwp\/wp-content\/uploads\/2014\/05\/Catalunya-a-Europa-cartell_1024-720x1024.jpg","type":"","width":"","height":""}],"author":"Pius","twitter_misc":{"Escrit per":"Pius","Temps estimat de lectura":"1 minut"},"schema":{"@context":"https:\/\/schema.org","@graph":[{"@type":"Article","@id":"https:\/\/www.guiamanresa.cat\/blogwp\/cicle-de-conferencies-9-12-19-maig-catalunya-europa\/#article","isPartOf":{"@id":"https:\/\/www.guiamanresa.cat\/blogwp\/cicle-de-conferencies-9-12-19-maig-catalunya-europa\/"},"author":{"name":"Pius","@id":"https:\/\/www.guiamanresa.cat\/blogwp\/#\/schema\/person\/b3e50b197b2a3cc208c099d067b3f1ae"},"headline":"Cicle de confer\u00e8ncies &#8211; 9, 12 i 19 maig &#8211; Catalunya a Europa","datePublished":"2014-05-06T15:04:31+00:00","mainEntityOfPage":{"@id":"https:\/\/www.guiamanresa.cat\/blogwp\/cicle-de-conferencies-9-12-19-maig-catalunya-europa\/"},"wordCount":314,"image":{"@id":"https:\/\/www.guiamanresa.cat\/blogwp\/cicle-de-conferencies-9-12-19-maig-catalunya-europa\/#primaryimage"},"thumbnailUrl":"http:\/\/www.guiamanresa.com\/blogwp\/wp-content\/uploads\/2014\/05\/Catalunya-a-Europa-cartell_1024-720x1024.jpg","articleSection":["General"],"inLanguage":"ca"},{"@type":"WebPage","@id":"https:\/\/www.guiamanresa.cat\/blogwp\/cicle-de-conferencies-9-12-19-maig-catalunya-europa\/","url":"https:\/\/www.guiamanresa.cat\/blogwp\/cicle-de-conferencies-9-12-19-maig-catalunya-europa\/","name":"Cicle de confer\u00e8ncies - Catalunya a Europa","isPartOf":{"@id":"https:\/\/www.guiamanresa.cat\/blogwp\/#website"},"primaryImageOfPage":{"@id":"https:\/\/www.guiamanresa.cat\/blogwp\/cicle-de-conferencies-9-12-19-maig-catalunya-europa\/#primaryimage"},"image":{"@id":"https:\/\/www.guiamanresa.cat\/blogwp\/cicle-de-conferencies-9-12-19-maig-catalunya-europa\/#primaryimage"},"thumbnailUrl":"http:\/\/www.guiamanresa.com\/blogwp\/wp-content\/uploads\/2014\/05\/Catalunya-a-Europa-cartell_1024-720x1024.jpg","datePublished":"2014-05-06T15:04:31+00:00","author":{"@id":"https:\/\/www.guiamanresa.cat\/blogwp\/#\/schema\/person\/b3e50b197b2a3cc208c099d067b3f1ae"},"breadcrumb":{"@id":"https:\/\/www.guiamanresa.cat\/blogwp\/cicle-de-conferencies-9-12-19-maig-catalunya-europa\/#breadcrumb"},"inLanguage":"ca","potentialAction":[{"@type":"ReadAction","target":["https:\/\/www.guiamanresa.cat\/blogwp\/cicle-de-conferencies-9-12-19-maig-catalunya-europa\/"]}]},{"@type":"ImageObject","inLanguage":"ca","@id":"https:\/\/www.guiamanresa.cat\/blogwp\/cicle-de-conferencies-9-12-19-maig-catalunya-europa\/#primaryimage","url":"http:\/\/www.guiamanresa.com\/blogwp\/wp-content\/uploads\/2014\/05\/Catalunya-a-Europa-cartell_1024-720x1024.jpg","contentUrl":"http:\/\/www.guiamanresa.com\/blogwp\/wp-content\/uploads\/2014\/05\/Catalunya-a-Europa-cartell_1024-720x1024.jpg"},{"@type":"BreadcrumbList","@id":"https:\/\/www.guiamanresa.cat\/blogwp\/cicle-de-conferencies-9-12-19-maig-catalunya-europa\/#breadcrumb","itemListElement":[{"@type":"ListItem","position":1,"name":"Inici","item":"https:\/\/www.guiamanresa.cat\/blogwp\/"},{"@type":"ListItem","position":2,"name":"Cicle de confer\u00e8ncies &#8211; 9, 12 i 19 maig &#8211; Catalunya a Europa"}]},{"@type":"WebSite","@id":"https:\/\/www.guiamanresa.cat\/blogwp\/#website","url":"https:\/\/www.guiamanresa.cat\/blogwp\/","name":"Blog Guia Manresa","description":"El blog de la Guia de Manresa","potentialAction":[{"@type":"SearchAction","target":{"@type":"EntryPoint","urlTemplate":"https:\/\/www.guiamanresa.cat\/blogwp\/?s={search_term_string}"},"query-input":{"@type":"PropertyValueSpecification","valueRequired":true,"valueName":"search_term_string"}}],"inLanguage":"ca"},{"@type":"Person","@id":"https:\/\/www.guiamanresa.cat\/blogwp\/#\/schema\/person\/b3e50b197b2a3cc208c099d067b3f1ae","name":"Pius","description":"Guia de Manresa, del Bages i de la Catalunya Central -Guia Cultural, Social i Comercial - des de l'any 2000 al servei de la Catalunya central.","sameAs":["http:\/\/www.guiamanresa.com","https:\/\/x.com\/guiamanresa"],"url":"https:\/\/www.guiamanresa.cat\/blogwp\/author\/pius\/"}]}},"jetpack_publicize_connections":[],"jetpack_featured_media_url":"","jetpack_shortlink":"https:\/\/wp.me\/p5hMrg-yQ","jetpack_sharing_enabled":true,"jetpack_likes_enabled":true,"_links":{"self":[{"href":"https:\/\/www.guiamanresa.cat\/blogwp\/wp-json\/wp\/v2\/posts\/2160","targetHints":{"allow":["GET"]}}],"collection":[{"href":"https:\/\/www.guiamanresa.cat\/blogwp\/wp-json\/wp\/v2\/posts"}],"about":[{"href":"https:\/\/www.guiamanresa.cat\/blogwp\/wp-json\/wp\/v2\/types\/post"}],"author":[{"embeddable":true,"href":"https:\/\/www.guiamanresa.cat\/blogwp\/wp-json\/wp\/v2\/users\/1"}],"replies":[{"embeddable":true,"href":"https:\/\/www.guiamanresa.cat\/blogwp\/wp-json\/wp\/v2\/comments?post=2160"}],"version-history":[{"count":1,"href":"https:\/\/www.guiamanresa.cat\/blogwp\/wp-json\/wp\/v2\/posts\/2160\/revisions"}],"predecessor-version":[{"id":2162,"href":"https:\/\/www.guiamanresa.cat\/blogwp\/wp-json\/wp\/v2\/posts\/2160\/revisions\/2162"}],"wp:attachment":[{"href":"https:\/\/www.guiamanresa.cat\/blogwp\/wp-json\/wp\/v2\/media?parent=2160"}],"wp:term":[{"taxonomy":"category","embeddable":true,"href":"https:\/\/www.guiamanresa.cat\/blogwp\/wp-json\/wp\/v2\/categories?post=2160"},{"taxonomy":"post_tag","embeddable":true,"href":"https:\/\/www.guiamanresa.cat\/blogwp\/wp-json\/wp\/v2\/tags?post=2160"}],"curies":[{"name":"wp","href":"https:\/\/api.w.org\/{rel}","templated":true}]}}