{"id":3877,"date":"2017-03-22T17:41:50","date_gmt":"2017-03-22T16:41:50","guid":{"rendered":"http:\/\/www.guiamanresa.cat\/blogwp\/?p=3877"},"modified":"2017-03-25T20:53:50","modified_gmt":"2017-03-25T19:53:50","slug":"125-anys-bases-manresa","status":"publish","type":"post","link":"https:\/\/www.guiamanresa.cat\/blogwp\/125-anys-bases-manresa\/","title":{"rendered":"125 anys de les Bases de Manresa"},"content":{"rendered":"<p><strong>OBERTURA DE LA COMMEMORACI\u00d3 DELS 125 ANYS DE L\u2019APROVACI\u00d3 DE LES BASES DE MANRESA.<\/strong><\/p>\n<p><a href=\"http:\/\/www.guiamanresa.cat\/blogwp\/wp-content\/uploads\/2017\/03\/1525-anys-Bases-de-Manresa-AJ.jpg\"><img loading=\"lazy\" decoding=\"async\" class=\"aligncenter size-large wp-image-3887\" src=\"http:\/\/www.guiamanresa.cat\/blogwp\/wp-content\/uploads\/2017\/03\/1525-anys-Bases-de-Manresa-AJ-1024x681.jpg\" alt=\"\" width=\"584\" height=\"388\" srcset=\"https:\/\/www.guiamanresa.cat\/blogwp\/wp-content\/uploads\/2017\/03\/1525-anys-Bases-de-Manresa-AJ-1024x681.jpg 1024w, https:\/\/www.guiamanresa.cat\/blogwp\/wp-content\/uploads\/2017\/03\/1525-anys-Bases-de-Manresa-AJ-300x200.jpg 300w, https:\/\/www.guiamanresa.cat\/blogwp\/wp-content\/uploads\/2017\/03\/1525-anys-Bases-de-Manresa-AJ-451x300.jpg 451w, https:\/\/www.guiamanresa.cat\/blogwp\/wp-content\/uploads\/2017\/03\/1525-anys-Bases-de-Manresa-AJ.jpg 1600w\" sizes=\"auto, (max-width: 584px) 100vw, 584px\" \/><\/a><\/p>\n<p><a href=\"http:\/\/www.guiamanresa.cat\/blogwp\/wp-content\/uploads\/2017\/03\/1525-anys-Bases-de-Manresa-AJ-1.jpg\"><img loading=\"lazy\" decoding=\"async\" class=\"aligncenter size-large wp-image-3889\" src=\"http:\/\/www.guiamanresa.cat\/blogwp\/wp-content\/uploads\/2017\/03\/1525-anys-Bases-de-Manresa-AJ-1-1024x681.jpg\" alt=\"\" width=\"584\" height=\"388\" srcset=\"https:\/\/www.guiamanresa.cat\/blogwp\/wp-content\/uploads\/2017\/03\/1525-anys-Bases-de-Manresa-AJ-1-1024x681.jpg 1024w, https:\/\/www.guiamanresa.cat\/blogwp\/wp-content\/uploads\/2017\/03\/1525-anys-Bases-de-Manresa-AJ-1-300x200.jpg 300w, https:\/\/www.guiamanresa.cat\/blogwp\/wp-content\/uploads\/2017\/03\/1525-anys-Bases-de-Manresa-AJ-1-451x300.jpg 451w, https:\/\/www.guiamanresa.cat\/blogwp\/wp-content\/uploads\/2017\/03\/1525-anys-Bases-de-Manresa-AJ-1.jpg 1600w\" sizes=\"auto, (max-width: 584px) 100vw, 584px\" \/><\/a> <a href=\"http:\/\/www.guiamanresa.cat\/blogwp\/wp-content\/uploads\/2017\/03\/1525-anys-Bases-de-Manresa-AJ-2.jpg\"><img loading=\"lazy\" decoding=\"async\" class=\"aligncenter size-large wp-image-3890\" src=\"http:\/\/www.guiamanresa.cat\/blogwp\/wp-content\/uploads\/2017\/03\/1525-anys-Bases-de-Manresa-AJ-2-1024x681.jpg\" alt=\"\" width=\"584\" height=\"388\" srcset=\"https:\/\/www.guiamanresa.cat\/blogwp\/wp-content\/uploads\/2017\/03\/1525-anys-Bases-de-Manresa-AJ-2-1024x681.jpg 1024w, https:\/\/www.guiamanresa.cat\/blogwp\/wp-content\/uploads\/2017\/03\/1525-anys-Bases-de-Manresa-AJ-2-300x200.jpg 300w, https:\/\/www.guiamanresa.cat\/blogwp\/wp-content\/uploads\/2017\/03\/1525-anys-Bases-de-Manresa-AJ-2-451x300.jpg 451w, https:\/\/www.guiamanresa.cat\/blogwp\/wp-content\/uploads\/2017\/03\/1525-anys-Bases-de-Manresa-AJ-2.jpg 1600w\" sizes=\"auto, (max-width: 584px) 100vw, 584px\" \/><\/a><\/p>\n<p><a href=\"http:\/\/www.guiamanresa.cat\/blogwp\/wp-content\/uploads\/2017\/03\/1525-anys-Bases-de-Manresa-AJ-3.jpg\"><img loading=\"lazy\" decoding=\"async\" class=\"aligncenter size-large wp-image-3892\" src=\"http:\/\/www.guiamanresa.cat\/blogwp\/wp-content\/uploads\/2017\/03\/1525-anys-Bases-de-Manresa-AJ-3-1024x581.jpg\" alt=\"\" width=\"584\" height=\"331\" srcset=\"https:\/\/www.guiamanresa.cat\/blogwp\/wp-content\/uploads\/2017\/03\/1525-anys-Bases-de-Manresa-AJ-3-1024x581.jpg 1024w, https:\/\/www.guiamanresa.cat\/blogwp\/wp-content\/uploads\/2017\/03\/1525-anys-Bases-de-Manresa-AJ-3-300x170.jpg 300w, https:\/\/www.guiamanresa.cat\/blogwp\/wp-content\/uploads\/2017\/03\/1525-anys-Bases-de-Manresa-AJ-3-500x284.jpg 500w, https:\/\/www.guiamanresa.cat\/blogwp\/wp-content\/uploads\/2017\/03\/1525-anys-Bases-de-Manresa-AJ-3.jpg 1600w\" sizes=\"auto, (max-width: 584px) 100vw, 584px\" \/><\/a><\/p>\n<p><a href=\"http:\/\/www.guiamanresa.cat\/blogwp\/wp-content\/uploads\/2017\/03\/Bases-de-Manresa-125-anys-24M.jpg\"><img loading=\"lazy\" decoding=\"async\" class=\"aligncenter size-large wp-image-3883\" src=\"http:\/\/www.guiamanresa.cat\/blogwp\/wp-content\/uploads\/2017\/03\/Bases-de-Manresa-125-anys-24M-755x1024.jpg\" alt=\"\" width=\"584\" height=\"792\" srcset=\"https:\/\/www.guiamanresa.cat\/blogwp\/wp-content\/uploads\/2017\/03\/Bases-de-Manresa-125-anys-24M-755x1024.jpg 755w, https:\/\/www.guiamanresa.cat\/blogwp\/wp-content\/uploads\/2017\/03\/Bases-de-Manresa-125-anys-24M-221x300.jpg 221w, https:\/\/www.guiamanresa.cat\/blogwp\/wp-content\/uploads\/2017\/03\/Bases-de-Manresa-125-anys-24M.jpg 872w\" sizes=\"auto, (max-width: 584px) 100vw, 584px\" \/><\/a><\/p>\n<p>Aquest divendres&nbsp;&nbsp;solemne d\u2019inauguraci\u00f3 de la commemoraci\u00f3 del 125\u00e8 aniversari de les Bases de Manresa &#8211;&nbsp;24 de mar\u00e7 2017 &#8211; <a href=\"https:\/\/www.manresa.cat\/web\/article\/7450-programa-commemoratiu-dels-125-anys-de-les-bases-de-manresa\" target=\"_blank\">Programa d&#8217;actes<\/a><\/p>\n<p><b>Bases per a la Constituci\u00f3 Regional Catalana &#8211; Bases de Manresa<\/b><\/p>\n<p><a href=\"https:\/\/ca.wikipedia.org\/wiki\/Bases_de_Manresa\" target=\"_blank\"><img loading=\"lazy\" decoding=\"async\" class=\"alignleft wp-image-3880\" src=\"http:\/\/www.guiamanresa.cat\/blogwp\/wp-content\/uploads\/2017\/03\/Llibre_de_les_Constitucions_de_Catalunya_compilat_despr\u00e8s_de_la_Cort_de_Felip_II_a_la_vila_de_Monts\u00f3_de_1585.jpg\" alt=\"\" width=\"123\" height=\"175\" srcset=\"https:\/\/www.guiamanresa.cat\/blogwp\/wp-content\/uploads\/2017\/03\/Llibre_de_les_Constitucions_de_Catalunya_compilat_despr\u00e8s_de_la_Cort_de_Felip_II_a_la_vila_de_Monts\u00f3_de_1585.jpg 450w, https:\/\/www.guiamanresa.cat\/blogwp\/wp-content\/uploads\/2017\/03\/Llibre_de_les_Constitucions_de_Catalunya_compilat_despr\u00e8s_de_la_Cort_de_Felip_II_a_la_vila_de_Monts\u00f3_de_1585-211x300.jpg 211w\" sizes=\"auto, (max-width: 123px) 100vw, 123px\" \/><\/a><a href=\"https:\/\/ca.wikipedia.org\/wiki\/Bases_de_Manresa\" target=\"_blank\">&nbsp;<\/a><a href=\"http:\/\/www.guiamanresa.cat\/blogwp\/wp-content\/uploads\/2017\/03\/BM125.jpg\"><img loading=\"lazy\" decoding=\"async\" class=\"alignnone wp-image-3881\" src=\"http:\/\/www.guiamanresa.cat\/blogwp\/wp-content\/uploads\/2017\/03\/BM125.jpg\" alt=\"\" width=\"248\" height=\"175\" srcset=\"https:\/\/www.guiamanresa.cat\/blogwp\/wp-content\/uploads\/2017\/03\/BM125.jpg 450w, https:\/\/www.guiamanresa.cat\/blogwp\/wp-content\/uploads\/2017\/03\/BM125-300x212.jpg 300w, https:\/\/www.guiamanresa.cat\/blogwp\/wp-content\/uploads\/2017\/03\/BM125-425x300.jpg 425w\" sizes=\"auto, (max-width: 248px) 100vw, 248px\" \/><\/a><\/p>\n<p style=\"text-align: left;\">&nbsp;<\/p>\n","protected":false},"excerpt":{"rendered":"<p>OBERTURA DE LA COMMEMORACI\u00d3 DELS 125 ANYS DE L\u2019APROVACI\u00d3 DE LES BASES DE MANRESA. Aquest divendres&nbsp;&nbsp;solemne d\u2019inauguraci\u00f3 de la commemoraci\u00f3 del 125\u00e8 aniversari de les Bases de Manresa &#8211;&nbsp;24 de mar\u00e7 2017 &#8211; Programa d&#8217;actes Bases per a la Constituci\u00f3 &hellip; <a href=\"https:\/\/www.guiamanresa.cat\/blogwp\/125-anys-bases-manresa\/\">Continua llegint <span class=\"meta-nav\">&rarr;<\/span><\/a><\/p>\n","protected":false},"author":1,"featured_media":0,"comment_status":"closed","ping_status":"closed","sticky":false,"template":"","format":"standard","meta":{"ngg_post_thumbnail":0,"footnotes":""},"categories":[1],"tags":[],"class_list":["post-3877","post","type-post","status-publish","format-standard","hentry","category-general"],"yoast_head":"<!-- This site is optimized with the Yoast SEO plugin v26.8 - https:\/\/yoast.com\/product\/yoast-seo-wordpress\/ -->\n<title>125 anys de les Bases de Manresa - Blog Guia Manresa<\/title>\n<meta name=\"robots\" content=\"index, follow, max-snippet:-1, max-image-preview:large, max-video-preview:-1\" \/>\n<link rel=\"canonical\" href=\"https:\/\/www.guiamanresa.cat\/blogwp\/125-anys-bases-manresa\/\" \/>\n<meta property=\"og:locale\" content=\"ca_ES\" \/>\n<meta property=\"og:type\" content=\"article\" \/>\n<meta property=\"og:title\" content=\"125 anys de les Bases de Manresa - Blog Guia Manresa\" \/>\n<meta property=\"og:description\" content=\"OBERTURA DE LA COMMEMORACI\u00d3 DELS 125 ANYS DE L\u2019APROVACI\u00d3 DE LES BASES DE MANRESA. Aquest divendres&nbsp;&nbsp;solemne d\u2019inauguraci\u00f3 de la commemoraci\u00f3 del 125\u00e8 aniversari de les Bases de Manresa &#8211;&nbsp;24 de mar\u00e7 2017 &#8211; Programa d&#8217;actes Bases per a la Constituci\u00f3 &hellip; Continua llegint &rarr;\" \/>\n<meta property=\"og:url\" content=\"https:\/\/www.guiamanresa.cat\/blogwp\/125-anys-bases-manresa\/\" \/>\n<meta property=\"og:site_name\" content=\"Blog Guia Manresa\" \/>\n<meta property=\"article:publisher\" content=\"https:\/\/www.facebook.com\/guiamanresa\/\" \/>\n<meta property=\"article:published_time\" content=\"2017-03-22T16:41:50+00:00\" \/>\n<meta property=\"article:modified_time\" content=\"2017-03-25T19:53:50+00:00\" \/>\n<meta property=\"og:image\" content=\"http:\/\/www.guiamanresa.cat\/blogwp\/wp-content\/uploads\/2017\/03\/1525-anys-Bases-de-Manresa-AJ-1024x681.jpg\" \/>\n<meta name=\"author\" content=\"Pius\" \/>\n<meta name=\"twitter:label1\" content=\"Escrit per\" \/>\n\t<meta name=\"twitter:data1\" content=\"Pius\" \/>\n<script type=\"application\/ld+json\" class=\"yoast-schema-graph\">{\"@context\":\"https:\/\/schema.org\",\"@graph\":[{\"@type\":\"Article\",\"@id\":\"https:\/\/www.guiamanresa.cat\/blogwp\/125-anys-bases-manresa\/#article\",\"isPartOf\":{\"@id\":\"https:\/\/www.guiamanresa.cat\/blogwp\/125-anys-bases-manresa\/\"},\"author\":{\"name\":\"Pius\",\"@id\":\"https:\/\/www.guiamanresa.cat\/blogwp\/#\/schema\/person\/44e2729b10b8d06b51553aceb01b4643\"},\"headline\":\"125 anys de les Bases de Manresa\",\"datePublished\":\"2017-03-22T16:41:50+00:00\",\"dateModified\":\"2017-03-25T19:53:50+00:00\",\"mainEntityOfPage\":{\"@id\":\"https:\/\/www.guiamanresa.cat\/blogwp\/125-anys-bases-manresa\/\"},\"wordCount\":58,\"image\":{\"@id\":\"https:\/\/www.guiamanresa.cat\/blogwp\/125-anys-bases-manresa\/#primaryimage\"},\"thumbnailUrl\":\"http:\/\/www.guiamanresa.cat\/blogwp\/wp-content\/uploads\/2017\/03\/1525-anys-Bases-de-Manresa-AJ-1024x681.jpg\",\"articleSection\":[\"General\"],\"inLanguage\":\"ca\"},{\"@type\":\"WebPage\",\"@id\":\"https:\/\/www.guiamanresa.cat\/blogwp\/125-anys-bases-manresa\/\",\"url\":\"https:\/\/www.guiamanresa.cat\/blogwp\/125-anys-bases-manresa\/\",\"name\":\"125 anys de les Bases de Manresa - Blog Guia Manresa\",\"isPartOf\":{\"@id\":\"https:\/\/www.guiamanresa.cat\/blogwp\/#website\"},\"primaryImageOfPage\":{\"@id\":\"https:\/\/www.guiamanresa.cat\/blogwp\/125-anys-bases-manresa\/#primaryimage\"},\"image\":{\"@id\":\"https:\/\/www.guiamanresa.cat\/blogwp\/125-anys-bases-manresa\/#primaryimage\"},\"thumbnailUrl\":\"http:\/\/www.guiamanresa.cat\/blogwp\/wp-content\/uploads\/2017\/03\/1525-anys-Bases-de-Manresa-AJ-1024x681.jpg\",\"datePublished\":\"2017-03-22T16:41:50+00:00\",\"dateModified\":\"2017-03-25T19:53:50+00:00\",\"author\":{\"@id\":\"https:\/\/www.guiamanresa.cat\/blogwp\/#\/schema\/person\/44e2729b10b8d06b51553aceb01b4643\"},\"breadcrumb\":{\"@id\":\"https:\/\/www.guiamanresa.cat\/blogwp\/125-anys-bases-manresa\/#breadcrumb\"},\"inLanguage\":\"ca\",\"potentialAction\":[{\"@type\":\"ReadAction\",\"target\":[\"https:\/\/www.guiamanresa.cat\/blogwp\/125-anys-bases-manresa\/\"]}]},{\"@type\":\"ImageObject\",\"inLanguage\":\"ca\",\"@id\":\"https:\/\/www.guiamanresa.cat\/blogwp\/125-anys-bases-manresa\/#primaryimage\",\"url\":\"http:\/\/www.guiamanresa.cat\/blogwp\/wp-content\/uploads\/2017\/03\/1525-anys-Bases-de-Manresa-AJ-1024x681.jpg\",\"contentUrl\":\"http:\/\/www.guiamanresa.cat\/blogwp\/wp-content\/uploads\/2017\/03\/1525-anys-Bases-de-Manresa-AJ-1024x681.jpg\"},{\"@type\":\"BreadcrumbList\",\"@id\":\"https:\/\/www.guiamanresa.cat\/blogwp\/125-anys-bases-manresa\/#breadcrumb\",\"itemListElement\":[{\"@type\":\"ListItem\",\"position\":1,\"name\":\"Inici\",\"item\":\"https:\/\/www.guiamanresa.cat\/blogwp\/\"},{\"@type\":\"ListItem\",\"position\":2,\"name\":\"125 anys de les Bases de Manresa\"}]},{\"@type\":\"WebSite\",\"@id\":\"https:\/\/www.guiamanresa.cat\/blogwp\/#website\",\"url\":\"https:\/\/www.guiamanresa.cat\/blogwp\/\",\"name\":\"Blog Guia Manresa\",\"description\":\"El blog de la Guia de Manresa\",\"potentialAction\":[{\"@type\":\"SearchAction\",\"target\":{\"@type\":\"EntryPoint\",\"urlTemplate\":\"https:\/\/www.guiamanresa.cat\/blogwp\/?s={search_term_string}\"},\"query-input\":{\"@type\":\"PropertyValueSpecification\",\"valueRequired\":true,\"valueName\":\"search_term_string\"}}],\"inLanguage\":\"ca\"},{\"@type\":\"Person\",\"@id\":\"https:\/\/www.guiamanresa.cat\/blogwp\/#\/schema\/person\/44e2729b10b8d06b51553aceb01b4643\",\"name\":\"Pius\",\"description\":\"Guia de Manresa, del Bages i de la Catalunya Central -Guia Cultural, Social i Comercial - des de l'any 2000 al servei de la Catalunya central.\",\"sameAs\":[\"http:\/\/www.guiamanresa.com\",\"https:\/\/x.com\/guiamanresa\"],\"url\":\"https:\/\/www.guiamanresa.cat\/blogwp\/author\/pius\/\"}]}<\/script>\n<!-- \/ Yoast SEO plugin. -->","yoast_head_json":{"title":"125 anys de les Bases de Manresa - Blog Guia Manresa","robots":{"index":"index","follow":"follow","max-snippet":"max-snippet:-1","max-image-preview":"max-image-preview:large","max-video-preview":"max-video-preview:-1"},"canonical":"https:\/\/www.guiamanresa.cat\/blogwp\/125-anys-bases-manresa\/","og_locale":"ca_ES","og_type":"article","og_title":"125 anys de les Bases de Manresa - Blog Guia Manresa","og_description":"OBERTURA DE LA COMMEMORACI\u00d3 DELS 125 ANYS DE L\u2019APROVACI\u00d3 DE LES BASES DE MANRESA. Aquest divendres&nbsp;&nbsp;solemne d\u2019inauguraci\u00f3 de la commemoraci\u00f3 del 125\u00e8 aniversari de les Bases de Manresa &#8211;&nbsp;24 de mar\u00e7 2017 &#8211; Programa d&#8217;actes Bases per a la Constituci\u00f3 &hellip; Continua llegint &rarr;","og_url":"https:\/\/www.guiamanresa.cat\/blogwp\/125-anys-bases-manresa\/","og_site_name":"Blog Guia Manresa","article_publisher":"https:\/\/www.facebook.com\/guiamanresa\/","article_published_time":"2017-03-22T16:41:50+00:00","article_modified_time":"2017-03-25T19:53:50+00:00","og_image":[{"url":"http:\/\/www.guiamanresa.cat\/blogwp\/wp-content\/uploads\/2017\/03\/1525-anys-Bases-de-Manresa-AJ-1024x681.jpg","type":"","width":"","height":""}],"author":"Pius","twitter_misc":{"Escrit per":"Pius"},"schema":{"@context":"https:\/\/schema.org","@graph":[{"@type":"Article","@id":"https:\/\/www.guiamanresa.cat\/blogwp\/125-anys-bases-manresa\/#article","isPartOf":{"@id":"https:\/\/www.guiamanresa.cat\/blogwp\/125-anys-bases-manresa\/"},"author":{"name":"Pius","@id":"https:\/\/www.guiamanresa.cat\/blogwp\/#\/schema\/person\/44e2729b10b8d06b51553aceb01b4643"},"headline":"125 anys de les Bases de Manresa","datePublished":"2017-03-22T16:41:50+00:00","dateModified":"2017-03-25T19:53:50+00:00","mainEntityOfPage":{"@id":"https:\/\/www.guiamanresa.cat\/blogwp\/125-anys-bases-manresa\/"},"wordCount":58,"image":{"@id":"https:\/\/www.guiamanresa.cat\/blogwp\/125-anys-bases-manresa\/#primaryimage"},"thumbnailUrl":"http:\/\/www.guiamanresa.cat\/blogwp\/wp-content\/uploads\/2017\/03\/1525-anys-Bases-de-Manresa-AJ-1024x681.jpg","articleSection":["General"],"inLanguage":"ca"},{"@type":"WebPage","@id":"https:\/\/www.guiamanresa.cat\/blogwp\/125-anys-bases-manresa\/","url":"https:\/\/www.guiamanresa.cat\/blogwp\/125-anys-bases-manresa\/","name":"125 anys de les Bases de Manresa - Blog Guia Manresa","isPartOf":{"@id":"https:\/\/www.guiamanresa.cat\/blogwp\/#website"},"primaryImageOfPage":{"@id":"https:\/\/www.guiamanresa.cat\/blogwp\/125-anys-bases-manresa\/#primaryimage"},"image":{"@id":"https:\/\/www.guiamanresa.cat\/blogwp\/125-anys-bases-manresa\/#primaryimage"},"thumbnailUrl":"http:\/\/www.guiamanresa.cat\/blogwp\/wp-content\/uploads\/2017\/03\/1525-anys-Bases-de-Manresa-AJ-1024x681.jpg","datePublished":"2017-03-22T16:41:50+00:00","dateModified":"2017-03-25T19:53:50+00:00","author":{"@id":"https:\/\/www.guiamanresa.cat\/blogwp\/#\/schema\/person\/44e2729b10b8d06b51553aceb01b4643"},"breadcrumb":{"@id":"https:\/\/www.guiamanresa.cat\/blogwp\/125-anys-bases-manresa\/#breadcrumb"},"inLanguage":"ca","potentialAction":[{"@type":"ReadAction","target":["https:\/\/www.guiamanresa.cat\/blogwp\/125-anys-bases-manresa\/"]}]},{"@type":"ImageObject","inLanguage":"ca","@id":"https:\/\/www.guiamanresa.cat\/blogwp\/125-anys-bases-manresa\/#primaryimage","url":"http:\/\/www.guiamanresa.cat\/blogwp\/wp-content\/uploads\/2017\/03\/1525-anys-Bases-de-Manresa-AJ-1024x681.jpg","contentUrl":"http:\/\/www.guiamanresa.cat\/blogwp\/wp-content\/uploads\/2017\/03\/1525-anys-Bases-de-Manresa-AJ-1024x681.jpg"},{"@type":"BreadcrumbList","@id":"https:\/\/www.guiamanresa.cat\/blogwp\/125-anys-bases-manresa\/#breadcrumb","itemListElement":[{"@type":"ListItem","position":1,"name":"Inici","item":"https:\/\/www.guiamanresa.cat\/blogwp\/"},{"@type":"ListItem","position":2,"name":"125 anys de les Bases de Manresa"}]},{"@type":"WebSite","@id":"https:\/\/www.guiamanresa.cat\/blogwp\/#website","url":"https:\/\/www.guiamanresa.cat\/blogwp\/","name":"Blog Guia Manresa","description":"El blog de la Guia de Manresa","potentialAction":[{"@type":"SearchAction","target":{"@type":"EntryPoint","urlTemplate":"https:\/\/www.guiamanresa.cat\/blogwp\/?s={search_term_string}"},"query-input":{"@type":"PropertyValueSpecification","valueRequired":true,"valueName":"search_term_string"}}],"inLanguage":"ca"},{"@type":"Person","@id":"https:\/\/www.guiamanresa.cat\/blogwp\/#\/schema\/person\/44e2729b10b8d06b51553aceb01b4643","name":"Pius","description":"Guia de Manresa, del Bages i de la Catalunya Central -Guia Cultural, Social i Comercial - des de l'any 2000 al servei de la Catalunya central.","sameAs":["http:\/\/www.guiamanresa.com","https:\/\/x.com\/guiamanresa"],"url":"https:\/\/www.guiamanresa.cat\/blogwp\/author\/pius\/"}]}},"_links":{"self":[{"href":"https:\/\/www.guiamanresa.cat\/blogwp\/wp-json\/wp\/v2\/posts\/3877","targetHints":{"allow":["GET"]}}],"collection":[{"href":"https:\/\/www.guiamanresa.cat\/blogwp\/wp-json\/wp\/v2\/posts"}],"about":[{"href":"https:\/\/www.guiamanresa.cat\/blogwp\/wp-json\/wp\/v2\/types\/post"}],"author":[{"embeddable":true,"href":"https:\/\/www.guiamanresa.cat\/blogwp\/wp-json\/wp\/v2\/users\/1"}],"replies":[{"embeddable":true,"href":"https:\/\/www.guiamanresa.cat\/blogwp\/wp-json\/wp\/v2\/comments?post=3877"}],"version-history":[{"count":8,"href":"https:\/\/www.guiamanresa.cat\/blogwp\/wp-json\/wp\/v2\/posts\/3877\/revisions"}],"predecessor-version":[{"id":3893,"href":"https:\/\/www.guiamanresa.cat\/blogwp\/wp-json\/wp\/v2\/posts\/3877\/revisions\/3893"}],"wp:attachment":[{"href":"https:\/\/www.guiamanresa.cat\/blogwp\/wp-json\/wp\/v2\/media?parent=3877"}],"wp:term":[{"taxonomy":"category","embeddable":true,"href":"https:\/\/www.guiamanresa.cat\/blogwp\/wp-json\/wp\/v2\/categories?post=3877"},{"taxonomy":"post_tag","embeddable":true,"href":"https:\/\/www.guiamanresa.cat\/blogwp\/wp-json\/wp\/v2\/tags?post=3877"}],"curies":[{"name":"wp","href":"https:\/\/api.w.org\/{rel}","templated":true}]}}