{"id":4148,"date":"2017-09-20T16:22:06","date_gmt":"2017-09-20T14:22:06","guid":{"rendered":"http:\/\/www.guiamanresa.cat\/blogwp\/?p=4148"},"modified":"2017-09-20T16:22:06","modified_gmt":"2017-09-20T14:22:06","slug":"avui-manresa-bages-hem-hi-tots","status":"publish","type":"post","link":"https:\/\/www.guiamanresa.cat\/blogwp\/avui-manresa-bages-hem-hi-tots\/","title":{"rendered":"Avui a #Manresa, #Bages, hem de ser-hi tots"},"content":{"rendered":"<p><strong>Els que no pugueu anar a Barcelona, a les 7 de la tarda ens trobarem a la pla\u00e7a de l&#8217;ajuntament a l&#8217;acte convocat per el govern de Manresa on es llegir\u00e0 un manifest, seguidament continuarem cap a la concentraci\u00f3 de la pla\u00e7a Sant Dom\u00e8nec a dos quarts de vuit.<\/strong><\/p>\n<p><a href=\"http:\/\/www.guiamanresa.cat\/blogwp\/wp-content\/uploads\/2017\/09\/Concentraci\u00f3-7-tarda-20-9-17.jpg\"><img loading=\"lazy\" decoding=\"async\" class=\"aligncenter size-large wp-image-4149\" src=\"http:\/\/www.guiamanresa.cat\/blogwp\/wp-content\/uploads\/2017\/09\/Concentraci\u00f3-7-tarda-20-9-17-1024x1024.jpg\" alt=\"\" width=\"584\" height=\"584\" srcset=\"https:\/\/www.guiamanresa.cat\/blogwp\/wp-content\/uploads\/2017\/09\/Concentraci\u00f3-7-tarda-20-9-17-1024x1024.jpg 1024w, https:\/\/www.guiamanresa.cat\/blogwp\/wp-content\/uploads\/2017\/09\/Concentraci\u00f3-7-tarda-20-9-17-150x150.jpg 150w, https:\/\/www.guiamanresa.cat\/blogwp\/wp-content\/uploads\/2017\/09\/Concentraci\u00f3-7-tarda-20-9-17-300x300.jpg 300w, https:\/\/www.guiamanresa.cat\/blogwp\/wp-content\/uploads\/2017\/09\/Concentraci\u00f3-7-tarda-20-9-17-768x768.jpg 768w, https:\/\/www.guiamanresa.cat\/blogwp\/wp-content\/uploads\/2017\/09\/Concentraci\u00f3-7-tarda-20-9-17.jpg 1280w\" sizes=\"auto, (max-width: 584px) 100vw, 584px\" \/><\/a> <a href=\"http:\/\/www.guiamanresa.cat\/blogwp\/wp-content\/uploads\/2017\/09\/concentraci\u00f3.jpg\"><img loading=\"lazy\" decoding=\"async\" class=\"aligncenter size-large wp-image-4150\" src=\"http:\/\/www.guiamanresa.cat\/blogwp\/wp-content\/uploads\/2017\/09\/concentraci\u00f3-1024x1024.jpg\" alt=\"\" width=\"584\" height=\"584\" srcset=\"https:\/\/www.guiamanresa.cat\/blogwp\/wp-content\/uploads\/2017\/09\/concentraci\u00f3-1024x1024.jpg 1024w, https:\/\/www.guiamanresa.cat\/blogwp\/wp-content\/uploads\/2017\/09\/concentraci\u00f3-150x150.jpg 150w, https:\/\/www.guiamanresa.cat\/blogwp\/wp-content\/uploads\/2017\/09\/concentraci\u00f3-300x300.jpg 300w, https:\/\/www.guiamanresa.cat\/blogwp\/wp-content\/uploads\/2017\/09\/concentraci\u00f3-768x768.jpg 768w, https:\/\/www.guiamanresa.cat\/blogwp\/wp-content\/uploads\/2017\/09\/concentraci\u00f3.jpg 1280w\" sizes=\"auto, (max-width: 584px) 100vw, 584px\" \/><\/a><\/p>\n<p>Manresa pel S\u00cd<\/p>\n","protected":false},"excerpt":{"rendered":"<p>Els que no pugueu anar a Barcelona, a les 7 de la tarda ens trobarem a la pla\u00e7a de l&#8217;ajuntament a l&#8217;acte convocat per el govern de Manresa on es llegir\u00e0 un manifest, seguidament continuarem cap a la concentraci\u00f3 de &hellip; <a href=\"https:\/\/www.guiamanresa.cat\/blogwp\/avui-manresa-bages-hem-hi-tots\/\">Continua llegint <span class=\"meta-nav\">&rarr;<\/span><\/a><\/p>\n","protected":false},"author":1,"featured_media":0,"comment_status":"closed","ping_status":"closed","sticky":false,"template":"","format":"standard","meta":{"ngg_post_thumbnail":0,"footnotes":""},"categories":[61,17,35,1,86,166],"tags":[],"class_list":["post-4148","post","type-post","status-publish","format-standard","hentry","category-anc","category-bages","category-catalunya","category-general","category-manresa-2","category-manresa-pel-si"],"yoast_head":"<!-- This site is optimized with the Yoast SEO plugin v26.8 - https:\/\/yoast.com\/product\/yoast-seo-wordpress\/ -->\n<title>Avui a #Manresa, #Bages, hem de ser-hi tots - Blog Guia Manresa<\/title>\n<meta name=\"robots\" content=\"index, follow, max-snippet:-1, max-image-preview:large, max-video-preview:-1\" \/>\n<link rel=\"canonical\" href=\"https:\/\/www.guiamanresa.cat\/blogwp\/avui-manresa-bages-hem-hi-tots\/\" \/>\n<meta property=\"og:locale\" content=\"ca_ES\" \/>\n<meta property=\"og:type\" content=\"article\" \/>\n<meta property=\"og:title\" content=\"Avui a #Manresa, #Bages, hem de ser-hi tots - Blog Guia Manresa\" \/>\n<meta property=\"og:description\" content=\"Els que no pugueu anar a Barcelona, a les 7 de la tarda ens trobarem a la pla\u00e7a de l&#8217;ajuntament a l&#8217;acte convocat per el govern de Manresa on es llegir\u00e0 un manifest, seguidament continuarem cap a la concentraci\u00f3 de &hellip; Continua llegint &rarr;\" \/>\n<meta property=\"og:url\" content=\"https:\/\/www.guiamanresa.cat\/blogwp\/avui-manresa-bages-hem-hi-tots\/\" \/>\n<meta property=\"og:site_name\" content=\"Blog Guia Manresa\" \/>\n<meta property=\"article:publisher\" content=\"https:\/\/www.facebook.com\/guiamanresa\/\" \/>\n<meta property=\"article:published_time\" content=\"2017-09-20T14:22:06+00:00\" \/>\n<meta property=\"og:image\" content=\"http:\/\/www.guiamanresa.cat\/blogwp\/wp-content\/uploads\/2017\/09\/Concentraci\u00f3-7-tarda-20-9-17-1024x1024.jpg\" \/>\n<meta name=\"author\" content=\"Pius\" \/>\n<meta name=\"twitter:label1\" content=\"Escrit per\" \/>\n\t<meta name=\"twitter:data1\" content=\"Pius\" \/>\n<script type=\"application\/ld+json\" class=\"yoast-schema-graph\">{\"@context\":\"https:\/\/schema.org\",\"@graph\":[{\"@type\":\"Article\",\"@id\":\"https:\/\/www.guiamanresa.cat\/blogwp\/avui-manresa-bages-hem-hi-tots\/#article\",\"isPartOf\":{\"@id\":\"https:\/\/www.guiamanresa.cat\/blogwp\/avui-manresa-bages-hem-hi-tots\/\"},\"author\":{\"name\":\"Pius\",\"@id\":\"https:\/\/www.guiamanresa.cat\/blogwp\/#\/schema\/person\/44e2729b10b8d06b51553aceb01b4643\"},\"headline\":\"Avui a #Manresa, #Bages, hem de ser-hi tots\",\"datePublished\":\"2017-09-20T14:22:06+00:00\",\"mainEntityOfPage\":{\"@id\":\"https:\/\/www.guiamanresa.cat\/blogwp\/avui-manresa-bages-hem-hi-tots\/\"},\"wordCount\":64,\"articleSection\":[\"ANC\",\"Bages\",\"Catalunya\",\"General\",\"Manresa\",\"Manresa pel S\u00cd\"],\"inLanguage\":\"ca\"},{\"@type\":\"WebPage\",\"@id\":\"https:\/\/www.guiamanresa.cat\/blogwp\/avui-manresa-bages-hem-hi-tots\/\",\"url\":\"https:\/\/www.guiamanresa.cat\/blogwp\/avui-manresa-bages-hem-hi-tots\/\",\"name\":\"Avui a #Manresa, #Bages, hem de ser-hi tots - Blog Guia Manresa\",\"isPartOf\":{\"@id\":\"https:\/\/www.guiamanresa.cat\/blogwp\/#website\"},\"datePublished\":\"2017-09-20T14:22:06+00:00\",\"author\":{\"@id\":\"https:\/\/www.guiamanresa.cat\/blogwp\/#\/schema\/person\/44e2729b10b8d06b51553aceb01b4643\"},\"breadcrumb\":{\"@id\":\"https:\/\/www.guiamanresa.cat\/blogwp\/avui-manresa-bages-hem-hi-tots\/#breadcrumb\"},\"inLanguage\":\"ca\",\"potentialAction\":[{\"@type\":\"ReadAction\",\"target\":[\"https:\/\/www.guiamanresa.cat\/blogwp\/avui-manresa-bages-hem-hi-tots\/\"]}]},{\"@type\":\"BreadcrumbList\",\"@id\":\"https:\/\/www.guiamanresa.cat\/blogwp\/avui-manresa-bages-hem-hi-tots\/#breadcrumb\",\"itemListElement\":[{\"@type\":\"ListItem\",\"position\":1,\"name\":\"Inici\",\"item\":\"https:\/\/www.guiamanresa.cat\/blogwp\/\"},{\"@type\":\"ListItem\",\"position\":2,\"name\":\"Avui a #Manresa, #Bages, hem de ser-hi tots\"}]},{\"@type\":\"WebSite\",\"@id\":\"https:\/\/www.guiamanresa.cat\/blogwp\/#website\",\"url\":\"https:\/\/www.guiamanresa.cat\/blogwp\/\",\"name\":\"Blog Guia Manresa\",\"description\":\"El blog de la Guia de Manresa\",\"potentialAction\":[{\"@type\":\"SearchAction\",\"target\":{\"@type\":\"EntryPoint\",\"urlTemplate\":\"https:\/\/www.guiamanresa.cat\/blogwp\/?s={search_term_string}\"},\"query-input\":{\"@type\":\"PropertyValueSpecification\",\"valueRequired\":true,\"valueName\":\"search_term_string\"}}],\"inLanguage\":\"ca\"},{\"@type\":\"Person\",\"@id\":\"https:\/\/www.guiamanresa.cat\/blogwp\/#\/schema\/person\/44e2729b10b8d06b51553aceb01b4643\",\"name\":\"Pius\",\"description\":\"Guia de Manresa, del Bages i de la Catalunya Central -Guia Cultural, Social i Comercial - des de l'any 2000 al servei de la Catalunya central.\",\"sameAs\":[\"http:\/\/www.guiamanresa.com\",\"https:\/\/x.com\/guiamanresa\"],\"url\":\"https:\/\/www.guiamanresa.cat\/blogwp\/author\/pius\/\"}]}<\/script>\n<!-- \/ Yoast SEO plugin. -->","yoast_head_json":{"title":"Avui a #Manresa, #Bages, hem de ser-hi tots - Blog Guia Manresa","robots":{"index":"index","follow":"follow","max-snippet":"max-snippet:-1","max-image-preview":"max-image-preview:large","max-video-preview":"max-video-preview:-1"},"canonical":"https:\/\/www.guiamanresa.cat\/blogwp\/avui-manresa-bages-hem-hi-tots\/","og_locale":"ca_ES","og_type":"article","og_title":"Avui a #Manresa, #Bages, hem de ser-hi tots - Blog Guia Manresa","og_description":"Els que no pugueu anar a Barcelona, a les 7 de la tarda ens trobarem a la pla\u00e7a de l&#8217;ajuntament a l&#8217;acte convocat per el govern de Manresa on es llegir\u00e0 un manifest, seguidament continuarem cap a la concentraci\u00f3 de &hellip; Continua llegint &rarr;","og_url":"https:\/\/www.guiamanresa.cat\/blogwp\/avui-manresa-bages-hem-hi-tots\/","og_site_name":"Blog Guia Manresa","article_publisher":"https:\/\/www.facebook.com\/guiamanresa\/","article_published_time":"2017-09-20T14:22:06+00:00","og_image":[{"url":"http:\/\/www.guiamanresa.cat\/blogwp\/wp-content\/uploads\/2017\/09\/Concentraci\u00f3-7-tarda-20-9-17-1024x1024.jpg","type":"","width":"","height":""}],"author":"Pius","twitter_misc":{"Escrit per":"Pius"},"schema":{"@context":"https:\/\/schema.org","@graph":[{"@type":"Article","@id":"https:\/\/www.guiamanresa.cat\/blogwp\/avui-manresa-bages-hem-hi-tots\/#article","isPartOf":{"@id":"https:\/\/www.guiamanresa.cat\/blogwp\/avui-manresa-bages-hem-hi-tots\/"},"author":{"name":"Pius","@id":"https:\/\/www.guiamanresa.cat\/blogwp\/#\/schema\/person\/44e2729b10b8d06b51553aceb01b4643"},"headline":"Avui a #Manresa, #Bages, hem de ser-hi tots","datePublished":"2017-09-20T14:22:06+00:00","mainEntityOfPage":{"@id":"https:\/\/www.guiamanresa.cat\/blogwp\/avui-manresa-bages-hem-hi-tots\/"},"wordCount":64,"articleSection":["ANC","Bages","Catalunya","General","Manresa","Manresa pel S\u00cd"],"inLanguage":"ca"},{"@type":"WebPage","@id":"https:\/\/www.guiamanresa.cat\/blogwp\/avui-manresa-bages-hem-hi-tots\/","url":"https:\/\/www.guiamanresa.cat\/blogwp\/avui-manresa-bages-hem-hi-tots\/","name":"Avui a #Manresa, #Bages, hem de ser-hi tots - Blog Guia Manresa","isPartOf":{"@id":"https:\/\/www.guiamanresa.cat\/blogwp\/#website"},"datePublished":"2017-09-20T14:22:06+00:00","author":{"@id":"https:\/\/www.guiamanresa.cat\/blogwp\/#\/schema\/person\/44e2729b10b8d06b51553aceb01b4643"},"breadcrumb":{"@id":"https:\/\/www.guiamanresa.cat\/blogwp\/avui-manresa-bages-hem-hi-tots\/#breadcrumb"},"inLanguage":"ca","potentialAction":[{"@type":"ReadAction","target":["https:\/\/www.guiamanresa.cat\/blogwp\/avui-manresa-bages-hem-hi-tots\/"]}]},{"@type":"BreadcrumbList","@id":"https:\/\/www.guiamanresa.cat\/blogwp\/avui-manresa-bages-hem-hi-tots\/#breadcrumb","itemListElement":[{"@type":"ListItem","position":1,"name":"Inici","item":"https:\/\/www.guiamanresa.cat\/blogwp\/"},{"@type":"ListItem","position":2,"name":"Avui a #Manresa, #Bages, hem de ser-hi tots"}]},{"@type":"WebSite","@id":"https:\/\/www.guiamanresa.cat\/blogwp\/#website","url":"https:\/\/www.guiamanresa.cat\/blogwp\/","name":"Blog Guia Manresa","description":"El blog de la Guia de Manresa","potentialAction":[{"@type":"SearchAction","target":{"@type":"EntryPoint","urlTemplate":"https:\/\/www.guiamanresa.cat\/blogwp\/?s={search_term_string}"},"query-input":{"@type":"PropertyValueSpecification","valueRequired":true,"valueName":"search_term_string"}}],"inLanguage":"ca"},{"@type":"Person","@id":"https:\/\/www.guiamanresa.cat\/blogwp\/#\/schema\/person\/44e2729b10b8d06b51553aceb01b4643","name":"Pius","description":"Guia de Manresa, del Bages i de la Catalunya Central -Guia Cultural, Social i Comercial - des de l'any 2000 al servei de la Catalunya central.","sameAs":["http:\/\/www.guiamanresa.com","https:\/\/x.com\/guiamanresa"],"url":"https:\/\/www.guiamanresa.cat\/blogwp\/author\/pius\/"}]}},"_links":{"self":[{"href":"https:\/\/www.guiamanresa.cat\/blogwp\/wp-json\/wp\/v2\/posts\/4148","targetHints":{"allow":["GET"]}}],"collection":[{"href":"https:\/\/www.guiamanresa.cat\/blogwp\/wp-json\/wp\/v2\/posts"}],"about":[{"href":"https:\/\/www.guiamanresa.cat\/blogwp\/wp-json\/wp\/v2\/types\/post"}],"author":[{"embeddable":true,"href":"https:\/\/www.guiamanresa.cat\/blogwp\/wp-json\/wp\/v2\/users\/1"}],"replies":[{"embeddable":true,"href":"https:\/\/www.guiamanresa.cat\/blogwp\/wp-json\/wp\/v2\/comments?post=4148"}],"version-history":[{"count":1,"href":"https:\/\/www.guiamanresa.cat\/blogwp\/wp-json\/wp\/v2\/posts\/4148\/revisions"}],"predecessor-version":[{"id":4151,"href":"https:\/\/www.guiamanresa.cat\/blogwp\/wp-json\/wp\/v2\/posts\/4148\/revisions\/4151"}],"wp:attachment":[{"href":"https:\/\/www.guiamanresa.cat\/blogwp\/wp-json\/wp\/v2\/media?parent=4148"}],"wp:term":[{"taxonomy":"category","embeddable":true,"href":"https:\/\/www.guiamanresa.cat\/blogwp\/wp-json\/wp\/v2\/categories?post=4148"},{"taxonomy":"post_tag","embeddable":true,"href":"https:\/\/www.guiamanresa.cat\/blogwp\/wp-json\/wp\/v2\/tags?post=4148"}],"curies":[{"name":"wp","href":"https:\/\/api.w.org\/{rel}","templated":true}]}}