{"id":4973,"date":"2019-10-05T21:36:47","date_gmt":"2019-10-05T19:36:47","guid":{"rendered":"https:\/\/www.guiamanresa.cat\/blogwp\/?p=4973"},"modified":"2019-10-14T14:25:53","modified_gmt":"2019-10-14T12:25:53","slug":"22a-fira-mediterrania-de-manresa","status":"publish","type":"post","link":"https:\/\/www.guiamanresa.cat\/blogwp\/22a-fira-mediterrania-de-manresa\/","title":{"rendered":"22a Fira Mediterr\u00e0nia de Manresa"},"content":{"rendered":"\n<figure class=\"wp-block-image\"><img loading=\"lazy\" decoding=\"async\" width=\"1173\" height=\"450\" src=\"https:\/\/i1.wp.com\/www.guiamanresa.cat\/blogwp\/wp-content\/uploads\/2019\/10\/mediterr\u00e0nia2019.jpg?fit=584%2C224&amp;ssl=1\" alt=\"\" class=\"wp-image-4974\" srcset=\"https:\/\/www.guiamanresa.cat\/blogwp\/wp-content\/uploads\/2019\/10\/mediterr\u00e0nia2019.jpg 1173w, https:\/\/www.guiamanresa.cat\/blogwp\/wp-content\/uploads\/2019\/10\/mediterr\u00e0nia2019-300x115.jpg 300w, https:\/\/www.guiamanresa.cat\/blogwp\/wp-content\/uploads\/2019\/10\/mediterr\u00e0nia2019-768x295.jpg 768w, https:\/\/www.guiamanresa.cat\/blogwp\/wp-content\/uploads\/2019\/10\/mediterr\u00e0nia2019-1024x393.jpg 1024w, https:\/\/www.guiamanresa.cat\/blogwp\/wp-content\/uploads\/2019\/10\/mediterr\u00e0nia2019-500x192.jpg 500w\" sizes=\"auto, (max-width: 1173px) 100vw, 1173px\" \/><\/figure>\n\n\n\n<iframe loading=\"lazy\" width=\"560\" height=\"315\" src=\"https:\/\/www.youtube.com\/embed\/BckF5Ax_A3s\" frameborder=\"0\" allow=\"accelerometer; autoplay; encrypted-media; gyroscope; picture-in-picture\" allowfullscreen><\/iframe>\n\n\n\n<p><strong>La&nbsp;transgressora&nbsp;core\u00f2grafa&nbsp;Sol&nbsp;Pic\u00f3&nbsp;i la Banda Chapic\u00f3&nbsp;inauguraran la Fira dijous 10 d&#8217;octubre amb l&#8217;espectacle&nbsp;<em>Animal de S\u00e8quia<\/em><\/strong><br><br><strong>Un&nbsp;total&nbsp;de&nbsp;117&nbsp;companyies&nbsp;realitzaran&nbsp;158&nbsp;funcions&nbsp;de&nbsp;m\u00fasiques&nbsp;del m\u00f3n&nbsp;i folk, arts esc\u00e8niques i cultura popular i ompliran els&nbsp;carrers&nbsp;de&nbsp;Manresa&nbsp;del&nbsp;10 al 13 d\u2019&nbsp;octubre<\/strong><br><br><strong>Mirades,&nbsp;joves&nbsp;i g\u00e8nere s\u00f3n els eixos de la programaci\u00f3 art\u00edstica 2019<\/strong><br><br><strong>La&nbsp;perspectiva&nbsp;de&nbsp;g\u00e8nere&nbsp;a escena, el debat de les jornades professionals<\/strong><\/p>\n\n\n\n<figure class=\"wp-block-image\"><img loading=\"lazy\" decoding=\"async\" width=\"1440\" height=\"813\" src=\"https:\/\/i0.wp.com\/www.guiamanresa.cat\/blogwp\/wp-content\/uploads\/2019\/10\/sol-pico-i-la-banda-chapic\u00f3-10.jpg?fit=584%2C330&amp;ssl=1\" alt=\"\" class=\"wp-image-4986\" srcset=\"https:\/\/www.guiamanresa.cat\/blogwp\/wp-content\/uploads\/2019\/10\/sol-pico-i-la-banda-chapic\u00f3-10.jpg 1440w, https:\/\/www.guiamanresa.cat\/blogwp\/wp-content\/uploads\/2019\/10\/sol-pico-i-la-banda-chapic\u00f3-10-300x169.jpg 300w, https:\/\/www.guiamanresa.cat\/blogwp\/wp-content\/uploads\/2019\/10\/sol-pico-i-la-banda-chapic\u00f3-10-768x434.jpg 768w, https:\/\/www.guiamanresa.cat\/blogwp\/wp-content\/uploads\/2019\/10\/sol-pico-i-la-banda-chapic\u00f3-10-1024x578.jpg 1024w, https:\/\/www.guiamanresa.cat\/blogwp\/wp-content\/uploads\/2019\/10\/sol-pico-i-la-banda-chapic\u00f3-10-500x282.jpg 500w\" sizes=\"auto, (max-width: 1440px) 100vw, 1440px\" \/><figcaption> Sol Pic\u00f3 i la banda Chapic\u00f3 <\/figcaption><\/figure>\n\n\n\n<figure class=\"wp-block-image\"><img loading=\"lazy\" decoding=\"async\" width=\"1600\" height=\"902\" src=\"https:\/\/i2.wp.com\/www.guiamanresa.cat\/blogwp\/wp-content\/uploads\/2019\/10\/sol-pico-i-la-banda-chapic\u00f3-1.jpg?fit=584%2C329&amp;ssl=1\" alt=\"\" class=\"wp-image-4982\" srcset=\"https:\/\/www.guiamanresa.cat\/blogwp\/wp-content\/uploads\/2019\/10\/sol-pico-i-la-banda-chapic\u00f3-1.jpg 1600w, https:\/\/www.guiamanresa.cat\/blogwp\/wp-content\/uploads\/2019\/10\/sol-pico-i-la-banda-chapic\u00f3-1-300x169.jpg 300w, https:\/\/www.guiamanresa.cat\/blogwp\/wp-content\/uploads\/2019\/10\/sol-pico-i-la-banda-chapic\u00f3-1-768x433.jpg 768w, https:\/\/www.guiamanresa.cat\/blogwp\/wp-content\/uploads\/2019\/10\/sol-pico-i-la-banda-chapic\u00f3-1-1024x577.jpg 1024w, https:\/\/www.guiamanresa.cat\/blogwp\/wp-content\/uploads\/2019\/10\/sol-pico-i-la-banda-chapic\u00f3-1-500x282.jpg 500w\" sizes=\"auto, (max-width: 1600px) 100vw, 1600px\" \/><figcaption>Sol Pic\u00f3 i la banda Chapic\u00f3<\/figcaption><\/figure>\n\n\n\n<figure class=\"wp-block-image\"><img loading=\"lazy\" decoding=\"async\" width=\"1433\" height=\"833\" src=\"https:\/\/i1.wp.com\/www.guiamanresa.cat\/blogwp\/wp-content\/uploads\/2019\/10\/sol-pico-i-la-banda-chapic\u00f3.jpg?fit=584%2C339&amp;ssl=1\" alt=\"\" class=\"wp-image-4983\" srcset=\"https:\/\/www.guiamanresa.cat\/blogwp\/wp-content\/uploads\/2019\/10\/sol-pico-i-la-banda-chapic\u00f3.jpg 1433w, https:\/\/www.guiamanresa.cat\/blogwp\/wp-content\/uploads\/2019\/10\/sol-pico-i-la-banda-chapic\u00f3-300x174.jpg 300w, https:\/\/www.guiamanresa.cat\/blogwp\/wp-content\/uploads\/2019\/10\/sol-pico-i-la-banda-chapic\u00f3-768x446.jpg 768w, https:\/\/www.guiamanresa.cat\/blogwp\/wp-content\/uploads\/2019\/10\/sol-pico-i-la-banda-chapic\u00f3-1024x595.jpg 1024w, https:\/\/www.guiamanresa.cat\/blogwp\/wp-content\/uploads\/2019\/10\/sol-pico-i-la-banda-chapic\u00f3-500x291.jpg 500w\" sizes=\"auto, (max-width: 1433px) 100vw, 1433px\" \/><figcaption> Sol Pic\u00f3 i la banda Chapic\u00f3 <\/figcaption><\/figure>\n\n\n\n<figure class=\"wp-block-image\"><img loading=\"lazy\" decoding=\"async\" width=\"1600\" height=\"902\" src=\"https:\/\/i2.wp.com\/www.guiamanresa.cat\/blogwp\/wp-content\/uploads\/2019\/10\/sol-pico-i-la-banda-chapic\u00f3-2.jpg?fit=584%2C329&amp;ssl=1\" alt=\"\" class=\"wp-image-4984\" srcset=\"https:\/\/www.guiamanresa.cat\/blogwp\/wp-content\/uploads\/2019\/10\/sol-pico-i-la-banda-chapic\u00f3-2.jpg 1600w, https:\/\/www.guiamanresa.cat\/blogwp\/wp-content\/uploads\/2019\/10\/sol-pico-i-la-banda-chapic\u00f3-2-300x169.jpg 300w, https:\/\/www.guiamanresa.cat\/blogwp\/wp-content\/uploads\/2019\/10\/sol-pico-i-la-banda-chapic\u00f3-2-768x433.jpg 768w, https:\/\/www.guiamanresa.cat\/blogwp\/wp-content\/uploads\/2019\/10\/sol-pico-i-la-banda-chapic\u00f3-2-1024x577.jpg 1024w, https:\/\/www.guiamanresa.cat\/blogwp\/wp-content\/uploads\/2019\/10\/sol-pico-i-la-banda-chapic\u00f3-2-500x282.jpg 500w\" sizes=\"auto, (max-width: 1600px) 100vw, 1600px\" \/><figcaption> Sol Pic\u00f3 i la banda Chapic\u00f3 <\/figcaption><\/figure>\n\n\n\n<figure class=\"wp-block-image\"><img loading=\"lazy\" decoding=\"async\" width=\"1593\" height=\"866\" src=\"https:\/\/i2.wp.com\/www.guiamanresa.cat\/blogwp\/wp-content\/uploads\/2019\/10\/Gaizca-Project.jpg?fit=584%2C318&amp;ssl=1\" alt=\"\" class=\"wp-image-4980\" srcset=\"https:\/\/www.guiamanresa.cat\/blogwp\/wp-content\/uploads\/2019\/10\/Gaizca-Project.jpg 1593w, https:\/\/www.guiamanresa.cat\/blogwp\/wp-content\/uploads\/2019\/10\/Gaizca-Project-300x163.jpg 300w, https:\/\/www.guiamanresa.cat\/blogwp\/wp-content\/uploads\/2019\/10\/Gaizca-Project-768x418.jpg 768w, https:\/\/www.guiamanresa.cat\/blogwp\/wp-content\/uploads\/2019\/10\/Gaizca-Project-1024x557.jpg 1024w, https:\/\/www.guiamanresa.cat\/blogwp\/wp-content\/uploads\/2019\/10\/Gaizca-Project-500x272.jpg 500w\" sizes=\"auto, (max-width: 1593px) 100vw, 1593px\" \/><figcaption>Gaizca Project<\/figcaption><\/figure>\n\n\n\n<figure class=\"wp-block-image\"><img loading=\"lazy\" decoding=\"async\" width=\"1024\" height=\"576\" src=\"https:\/\/www.guiamanresa.cat\/blogwp\/wp-content\/uploads\/2019\/10\/Carnevale-di-Ottana-1024x576.jpg\" alt=\"\" class=\"wp-image-4988\" srcset=\"https:\/\/www.guiamanresa.cat\/blogwp\/wp-content\/uploads\/2019\/10\/Carnevale-di-Ottana-1024x576.jpg 1024w, https:\/\/www.guiamanresa.cat\/blogwp\/wp-content\/uploads\/2019\/10\/Carnevale-di-Ottana-300x169.jpg 300w, https:\/\/www.guiamanresa.cat\/blogwp\/wp-content\/uploads\/2019\/10\/Carnevale-di-Ottana-768x432.jpg 768w, https:\/\/www.guiamanresa.cat\/blogwp\/wp-content\/uploads\/2019\/10\/Carnevale-di-Ottana-500x281.jpg 500w, https:\/\/www.guiamanresa.cat\/blogwp\/wp-content\/uploads\/2019\/10\/Carnevale-di-Ottana.jpg 1920w\" sizes=\"auto, (max-width: 1024px) 100vw, 1024px\" \/><figcaption>Carnavale di Ottana<\/figcaption><\/figure>\n\n\n\n<p><a href=\"https:\/\/firamediterrania.cat\/ca\/programacio\/programacio-oficial#b_start=0\">Programa oficial de la Fira<\/a><\/p>\n\n\n\n<p><a href=\"https:\/\/www.guiamanresa.cat\/guia\/fires\/mediterrania2018\/index.htm\">Imatges edicions anteriors<\/a><\/p>\n\n\n\n<figure class=\"wp-block-image\"><img loading=\"lazy\" decoding=\"async\" width=\"1024\" height=\"683\" src=\"https:\/\/www.guiamanresa.cat\/blogwp\/wp-content\/uploads\/2013\/11\/mediterrania_2013_1136.jpg\" alt=\"\" class=\"wp-image-1716\" srcset=\"https:\/\/www.guiamanresa.cat\/blogwp\/wp-content\/uploads\/2013\/11\/mediterrania_2013_1136.jpg 1024w, https:\/\/www.guiamanresa.cat\/blogwp\/wp-content\/uploads\/2013\/11\/mediterrania_2013_1136-300x200.jpg 300w, https:\/\/www.guiamanresa.cat\/blogwp\/wp-content\/uploads\/2013\/11\/mediterrania_2013_1136-449x300.jpg 449w\" sizes=\"auto, (max-width: 1024px) 100vw, 1024px\" \/><\/figure>\n\n\n\n<figure class=\"wp-block-image\"><img loading=\"lazy\" decoding=\"async\" width=\"1024\" height=\"683\" src=\"https:\/\/www.guiamanresa.cat\/blogwp\/wp-content\/uploads\/2013\/11\/mediterrania_2013_1131.jpg\" alt=\"\" class=\"wp-image-1715\" srcset=\"https:\/\/www.guiamanresa.cat\/blogwp\/wp-content\/uploads\/2013\/11\/mediterrania_2013_1131.jpg 1024w, https:\/\/www.guiamanresa.cat\/blogwp\/wp-content\/uploads\/2013\/11\/mediterrania_2013_1131-300x200.jpg 300w, https:\/\/www.guiamanresa.cat\/blogwp\/wp-content\/uploads\/2013\/11\/mediterrania_2013_1131-449x300.jpg 449w\" sizes=\"auto, (max-width: 1024px) 100vw, 1024px\" \/><\/figure>\n\n\n\n<figure class=\"wp-block-image\"><img loading=\"lazy\" decoding=\"async\" width=\"800\" height=\"532\" src=\"https:\/\/www.guiamanresa.cat\/blogwp\/wp-content\/uploads\/2012\/11\/firamediterrania..jpg\" alt=\"Fira Mediterr\u00e0nia 2012 - Manresa\" class=\"wp-image-751\" srcset=\"https:\/\/www.guiamanresa.cat\/blogwp\/wp-content\/uploads\/2012\/11\/firamediterrania..jpg 800w, https:\/\/www.guiamanresa.cat\/blogwp\/wp-content\/uploads\/2012\/11\/firamediterrania.-300x199.jpg 300w, https:\/\/www.guiamanresa.cat\/blogwp\/wp-content\/uploads\/2012\/11\/firamediterrania.-451x300.jpg 451w\" sizes=\"auto, (max-width: 800px) 100vw, 800px\" \/><\/figure>\n\n\n\n<figure class=\"wp-block-image\"><img loading=\"lazy\" decoding=\"async\" width=\"800\" height=\"532\" src=\"https:\/\/www.guiamanresa.cat\/blogwp\/wp-content\/uploads\/2012\/11\/mediterrania_r1.jpg\" alt=\"Rodafonio, dels catalanocolombians Factoria Circular - fira mediterr\u00e0nia\" class=\"wp-image-746\" srcset=\"https:\/\/www.guiamanresa.cat\/blogwp\/wp-content\/uploads\/2012\/11\/mediterrania_r1.jpg 800w, https:\/\/www.guiamanresa.cat\/blogwp\/wp-content\/uploads\/2012\/11\/mediterrania_r1-300x199.jpg 300w, https:\/\/www.guiamanresa.cat\/blogwp\/wp-content\/uploads\/2012\/11\/mediterrania_r1-451x300.jpg 451w\" sizes=\"auto, (max-width: 800px) 100vw, 800px\" \/><\/figure>\n","protected":false},"excerpt":{"rendered":"<p>La&nbsp;transgressora&nbsp;core\u00f2grafa&nbsp;Sol&nbsp;Pic\u00f3&nbsp;i la Banda Chapic\u00f3&nbsp;inauguraran la Fira dijous 10 d&#8217;octubre amb l&#8217;espectacle&nbsp;Animal de S\u00e8quia Un&nbsp;total&nbsp;de&nbsp;117&nbsp;companyies&nbsp;realitzaran&nbsp;158&nbsp;funcions&nbsp;de&nbsp;m\u00fasiques&nbsp;del m\u00f3n&nbsp;i folk, arts esc\u00e8niques i cultura popular i ompliran els&nbsp;carrers&nbsp;de&nbsp;Manresa&nbsp;del&nbsp;10 al 13 d\u2019&nbsp;octubre Mirades,&nbsp;joves&nbsp;i g\u00e8nere s\u00f3n els eixos de la programaci\u00f3 art\u00edstica 2019 La&nbsp;perspectiva&nbsp;de&nbsp;g\u00e8nere&nbsp;a escena, el &hellip; <a href=\"https:\/\/www.guiamanresa.cat\/blogwp\/22a-fira-mediterrania-de-manresa\/\">Continua llegint <span class=\"meta-nav\">&rarr;<\/span><\/a><\/p>\n","protected":false},"author":1,"featured_media":0,"comment_status":"closed","ping_status":"closed","sticky":false,"template":"","format":"standard","meta":{"ngg_post_thumbnail":0,"footnotes":""},"categories":[1],"tags":[],"class_list":["post-4973","post","type-post","status-publish","format-standard","hentry","category-general"],"yoast_head":"<!-- This site is optimized with the Yoast SEO plugin v26.8 - https:\/\/yoast.com\/product\/yoast-seo-wordpress\/ -->\n<title>22a Fira Mediterr\u00e0nia de Manresa - Blog Guia Manresa<\/title>\n<meta name=\"robots\" content=\"index, follow, max-snippet:-1, max-image-preview:large, max-video-preview:-1\" \/>\n<link rel=\"canonical\" href=\"https:\/\/www.guiamanresa.cat\/blogwp\/22a-fira-mediterrania-de-manresa\/\" \/>\n<meta property=\"og:locale\" content=\"ca_ES\" \/>\n<meta property=\"og:type\" content=\"article\" \/>\n<meta property=\"og:title\" content=\"22a Fira Mediterr\u00e0nia de Manresa - Blog Guia Manresa\" \/>\n<meta property=\"og:description\" content=\"La&nbsp;transgressora&nbsp;core\u00f2grafa&nbsp;Sol&nbsp;Pic\u00f3&nbsp;i la Banda Chapic\u00f3&nbsp;inauguraran la Fira dijous 10 d&#8217;octubre amb l&#8217;espectacle&nbsp;Animal de S\u00e8quia Un&nbsp;total&nbsp;de&nbsp;117&nbsp;companyies&nbsp;realitzaran&nbsp;158&nbsp;funcions&nbsp;de&nbsp;m\u00fasiques&nbsp;del m\u00f3n&nbsp;i folk, arts esc\u00e8niques i cultura popular i ompliran els&nbsp;carrers&nbsp;de&nbsp;Manresa&nbsp;del&nbsp;10 al 13 d\u2019&nbsp;octubre Mirades,&nbsp;joves&nbsp;i g\u00e8nere s\u00f3n els eixos de la programaci\u00f3 art\u00edstica 2019 La&nbsp;perspectiva&nbsp;de&nbsp;g\u00e8nere&nbsp;a escena, el &hellip; Continua llegint &rarr;\" \/>\n<meta property=\"og:url\" content=\"https:\/\/www.guiamanresa.cat\/blogwp\/22a-fira-mediterrania-de-manresa\/\" \/>\n<meta property=\"og:site_name\" content=\"Blog Guia Manresa\" \/>\n<meta property=\"article:publisher\" content=\"https:\/\/www.facebook.com\/guiamanresa\/\" \/>\n<meta property=\"article:published_time\" content=\"2019-10-05T19:36:47+00:00\" \/>\n<meta property=\"article:modified_time\" content=\"2019-10-14T12:25:53+00:00\" \/>\n<meta property=\"og:image\" content=\"https:\/\/i1.wp.com\/www.guiamanresa.cat\/blogwp\/wp-content\/uploads\/2019\/10\/mediterr\u00e0nia2019.jpg?fit=584%2C224&amp;ssl=1\" \/>\n<meta name=\"author\" content=\"Pius\" \/>\n<meta name=\"twitter:label1\" content=\"Escrit per\" \/>\n\t<meta name=\"twitter:data1\" content=\"Pius\" \/>\n\t<meta name=\"twitter:label2\" content=\"Temps estimat de lectura\" \/>\n\t<meta name=\"twitter:data2\" content=\"1 minut\" \/>\n<script type=\"application\/ld+json\" class=\"yoast-schema-graph\">{\"@context\":\"https:\/\/schema.org\",\"@graph\":[{\"@type\":\"Article\",\"@id\":\"https:\/\/www.guiamanresa.cat\/blogwp\/22a-fira-mediterrania-de-manresa\/#article\",\"isPartOf\":{\"@id\":\"https:\/\/www.guiamanresa.cat\/blogwp\/22a-fira-mediterrania-de-manresa\/\"},\"author\":{\"name\":\"Pius\",\"@id\":\"https:\/\/www.guiamanresa.cat\/blogwp\/#\/schema\/person\/44e2729b10b8d06b51553aceb01b4643\"},\"headline\":\"22a Fira Mediterr\u00e0nia de Manresa\",\"datePublished\":\"2019-10-05T19:36:47+00:00\",\"dateModified\":\"2019-10-14T12:25:53+00:00\",\"mainEntityOfPage\":{\"@id\":\"https:\/\/www.guiamanresa.cat\/blogwp\/22a-fira-mediterrania-de-manresa\/\"},\"wordCount\":153,\"image\":{\"@id\":\"https:\/\/www.guiamanresa.cat\/blogwp\/22a-fira-mediterrania-de-manresa\/#primaryimage\"},\"thumbnailUrl\":\"https:\/\/i2.wp.com\/www.guiamanresa.cat\/blogwp\/wp-content\/uploads\/2019\/10\/Gaizca-Project.jpg?fit=584%2C318&amp;ssl=1\",\"articleSection\":[\"General\"],\"inLanguage\":\"ca\"},{\"@type\":\"WebPage\",\"@id\":\"https:\/\/www.guiamanresa.cat\/blogwp\/22a-fira-mediterrania-de-manresa\/\",\"url\":\"https:\/\/www.guiamanresa.cat\/blogwp\/22a-fira-mediterrania-de-manresa\/\",\"name\":\"22a Fira Mediterr\u00e0nia de Manresa - Blog Guia Manresa\",\"isPartOf\":{\"@id\":\"https:\/\/www.guiamanresa.cat\/blogwp\/#website\"},\"primaryImageOfPage\":{\"@id\":\"https:\/\/www.guiamanresa.cat\/blogwp\/22a-fira-mediterrania-de-manresa\/#primaryimage\"},\"image\":{\"@id\":\"https:\/\/www.guiamanresa.cat\/blogwp\/22a-fira-mediterrania-de-manresa\/#primaryimage\"},\"thumbnailUrl\":\"https:\/\/i2.wp.com\/www.guiamanresa.cat\/blogwp\/wp-content\/uploads\/2019\/10\/Gaizca-Project.jpg?fit=584%2C318&amp;ssl=1\",\"datePublished\":\"2019-10-05T19:36:47+00:00\",\"dateModified\":\"2019-10-14T12:25:53+00:00\",\"author\":{\"@id\":\"https:\/\/www.guiamanresa.cat\/blogwp\/#\/schema\/person\/44e2729b10b8d06b51553aceb01b4643\"},\"breadcrumb\":{\"@id\":\"https:\/\/www.guiamanresa.cat\/blogwp\/22a-fira-mediterrania-de-manresa\/#breadcrumb\"},\"inLanguage\":\"ca\",\"potentialAction\":[{\"@type\":\"ReadAction\",\"target\":[\"https:\/\/www.guiamanresa.cat\/blogwp\/22a-fira-mediterrania-de-manresa\/\"]}]},{\"@type\":\"ImageObject\",\"inLanguage\":\"ca\",\"@id\":\"https:\/\/www.guiamanresa.cat\/blogwp\/22a-fira-mediterrania-de-manresa\/#primaryimage\",\"url\":\"https:\/\/i2.wp.com\/www.guiamanresa.cat\/blogwp\/wp-content\/uploads\/2019\/10\/Gaizca-Project.jpg?fit=584%2C318&amp;ssl=1\",\"contentUrl\":\"https:\/\/i2.wp.com\/www.guiamanresa.cat\/blogwp\/wp-content\/uploads\/2019\/10\/Gaizca-Project.jpg?fit=584%2C318&amp;ssl=1\"},{\"@type\":\"BreadcrumbList\",\"@id\":\"https:\/\/www.guiamanresa.cat\/blogwp\/22a-fira-mediterrania-de-manresa\/#breadcrumb\",\"itemListElement\":[{\"@type\":\"ListItem\",\"position\":1,\"name\":\"Inici\",\"item\":\"https:\/\/www.guiamanresa.cat\/blogwp\/\"},{\"@type\":\"ListItem\",\"position\":2,\"name\":\"22a Fira Mediterr\u00e0nia de Manresa\"}]},{\"@type\":\"WebSite\",\"@id\":\"https:\/\/www.guiamanresa.cat\/blogwp\/#website\",\"url\":\"https:\/\/www.guiamanresa.cat\/blogwp\/\",\"name\":\"Blog Guia Manresa\",\"description\":\"El blog de la Guia de Manresa\",\"potentialAction\":[{\"@type\":\"SearchAction\",\"target\":{\"@type\":\"EntryPoint\",\"urlTemplate\":\"https:\/\/www.guiamanresa.cat\/blogwp\/?s={search_term_string}\"},\"query-input\":{\"@type\":\"PropertyValueSpecification\",\"valueRequired\":true,\"valueName\":\"search_term_string\"}}],\"inLanguage\":\"ca\"},{\"@type\":\"Person\",\"@id\":\"https:\/\/www.guiamanresa.cat\/blogwp\/#\/schema\/person\/44e2729b10b8d06b51553aceb01b4643\",\"name\":\"Pius\",\"description\":\"Guia de Manresa, del Bages i de la Catalunya Central -Guia Cultural, Social i Comercial - des de l'any 2000 al servei de la Catalunya central.\",\"sameAs\":[\"http:\/\/www.guiamanresa.com\",\"https:\/\/x.com\/guiamanresa\"],\"url\":\"https:\/\/www.guiamanresa.cat\/blogwp\/author\/pius\/\"}]}<\/script>\n<!-- \/ Yoast SEO plugin. -->","yoast_head_json":{"title":"22a Fira Mediterr\u00e0nia de Manresa - Blog Guia Manresa","robots":{"index":"index","follow":"follow","max-snippet":"max-snippet:-1","max-image-preview":"max-image-preview:large","max-video-preview":"max-video-preview:-1"},"canonical":"https:\/\/www.guiamanresa.cat\/blogwp\/22a-fira-mediterrania-de-manresa\/","og_locale":"ca_ES","og_type":"article","og_title":"22a Fira Mediterr\u00e0nia de Manresa - Blog Guia Manresa","og_description":"La&nbsp;transgressora&nbsp;core\u00f2grafa&nbsp;Sol&nbsp;Pic\u00f3&nbsp;i la Banda Chapic\u00f3&nbsp;inauguraran la Fira dijous 10 d&#8217;octubre amb l&#8217;espectacle&nbsp;Animal de S\u00e8quia Un&nbsp;total&nbsp;de&nbsp;117&nbsp;companyies&nbsp;realitzaran&nbsp;158&nbsp;funcions&nbsp;de&nbsp;m\u00fasiques&nbsp;del m\u00f3n&nbsp;i folk, arts esc\u00e8niques i cultura popular i ompliran els&nbsp;carrers&nbsp;de&nbsp;Manresa&nbsp;del&nbsp;10 al 13 d\u2019&nbsp;octubre Mirades,&nbsp;joves&nbsp;i g\u00e8nere s\u00f3n els eixos de la programaci\u00f3 art\u00edstica 2019 La&nbsp;perspectiva&nbsp;de&nbsp;g\u00e8nere&nbsp;a escena, el &hellip; Continua llegint &rarr;","og_url":"https:\/\/www.guiamanresa.cat\/blogwp\/22a-fira-mediterrania-de-manresa\/","og_site_name":"Blog Guia Manresa","article_publisher":"https:\/\/www.facebook.com\/guiamanresa\/","article_published_time":"2019-10-05T19:36:47+00:00","article_modified_time":"2019-10-14T12:25:53+00:00","og_image":[{"url":"https:\/\/i1.wp.com\/www.guiamanresa.cat\/blogwp\/wp-content\/uploads\/2019\/10\/mediterr\u00e0nia2019.jpg?fit=584%2C224&amp;ssl=1","type":"","width":"","height":""}],"author":"Pius","twitter_misc":{"Escrit per":"Pius","Temps estimat de lectura":"1 minut"},"schema":{"@context":"https:\/\/schema.org","@graph":[{"@type":"Article","@id":"https:\/\/www.guiamanresa.cat\/blogwp\/22a-fira-mediterrania-de-manresa\/#article","isPartOf":{"@id":"https:\/\/www.guiamanresa.cat\/blogwp\/22a-fira-mediterrania-de-manresa\/"},"author":{"name":"Pius","@id":"https:\/\/www.guiamanresa.cat\/blogwp\/#\/schema\/person\/44e2729b10b8d06b51553aceb01b4643"},"headline":"22a Fira Mediterr\u00e0nia de Manresa","datePublished":"2019-10-05T19:36:47+00:00","dateModified":"2019-10-14T12:25:53+00:00","mainEntityOfPage":{"@id":"https:\/\/www.guiamanresa.cat\/blogwp\/22a-fira-mediterrania-de-manresa\/"},"wordCount":153,"image":{"@id":"https:\/\/www.guiamanresa.cat\/blogwp\/22a-fira-mediterrania-de-manresa\/#primaryimage"},"thumbnailUrl":"https:\/\/i2.wp.com\/www.guiamanresa.cat\/blogwp\/wp-content\/uploads\/2019\/10\/Gaizca-Project.jpg?fit=584%2C318&amp;ssl=1","articleSection":["General"],"inLanguage":"ca"},{"@type":"WebPage","@id":"https:\/\/www.guiamanresa.cat\/blogwp\/22a-fira-mediterrania-de-manresa\/","url":"https:\/\/www.guiamanresa.cat\/blogwp\/22a-fira-mediterrania-de-manresa\/","name":"22a Fira Mediterr\u00e0nia de Manresa - Blog Guia Manresa","isPartOf":{"@id":"https:\/\/www.guiamanresa.cat\/blogwp\/#website"},"primaryImageOfPage":{"@id":"https:\/\/www.guiamanresa.cat\/blogwp\/22a-fira-mediterrania-de-manresa\/#primaryimage"},"image":{"@id":"https:\/\/www.guiamanresa.cat\/blogwp\/22a-fira-mediterrania-de-manresa\/#primaryimage"},"thumbnailUrl":"https:\/\/i2.wp.com\/www.guiamanresa.cat\/blogwp\/wp-content\/uploads\/2019\/10\/Gaizca-Project.jpg?fit=584%2C318&amp;ssl=1","datePublished":"2019-10-05T19:36:47+00:00","dateModified":"2019-10-14T12:25:53+00:00","author":{"@id":"https:\/\/www.guiamanresa.cat\/blogwp\/#\/schema\/person\/44e2729b10b8d06b51553aceb01b4643"},"breadcrumb":{"@id":"https:\/\/www.guiamanresa.cat\/blogwp\/22a-fira-mediterrania-de-manresa\/#breadcrumb"},"inLanguage":"ca","potentialAction":[{"@type":"ReadAction","target":["https:\/\/www.guiamanresa.cat\/blogwp\/22a-fira-mediterrania-de-manresa\/"]}]},{"@type":"ImageObject","inLanguage":"ca","@id":"https:\/\/www.guiamanresa.cat\/blogwp\/22a-fira-mediterrania-de-manresa\/#primaryimage","url":"https:\/\/i2.wp.com\/www.guiamanresa.cat\/blogwp\/wp-content\/uploads\/2019\/10\/Gaizca-Project.jpg?fit=584%2C318&amp;ssl=1","contentUrl":"https:\/\/i2.wp.com\/www.guiamanresa.cat\/blogwp\/wp-content\/uploads\/2019\/10\/Gaizca-Project.jpg?fit=584%2C318&amp;ssl=1"},{"@type":"BreadcrumbList","@id":"https:\/\/www.guiamanresa.cat\/blogwp\/22a-fira-mediterrania-de-manresa\/#breadcrumb","itemListElement":[{"@type":"ListItem","position":1,"name":"Inici","item":"https:\/\/www.guiamanresa.cat\/blogwp\/"},{"@type":"ListItem","position":2,"name":"22a Fira Mediterr\u00e0nia de Manresa"}]},{"@type":"WebSite","@id":"https:\/\/www.guiamanresa.cat\/blogwp\/#website","url":"https:\/\/www.guiamanresa.cat\/blogwp\/","name":"Blog Guia Manresa","description":"El blog de la Guia de Manresa","potentialAction":[{"@type":"SearchAction","target":{"@type":"EntryPoint","urlTemplate":"https:\/\/www.guiamanresa.cat\/blogwp\/?s={search_term_string}"},"query-input":{"@type":"PropertyValueSpecification","valueRequired":true,"valueName":"search_term_string"}}],"inLanguage":"ca"},{"@type":"Person","@id":"https:\/\/www.guiamanresa.cat\/blogwp\/#\/schema\/person\/44e2729b10b8d06b51553aceb01b4643","name":"Pius","description":"Guia de Manresa, del Bages i de la Catalunya Central -Guia Cultural, Social i Comercial - des de l'any 2000 al servei de la Catalunya central.","sameAs":["http:\/\/www.guiamanresa.com","https:\/\/x.com\/guiamanresa"],"url":"https:\/\/www.guiamanresa.cat\/blogwp\/author\/pius\/"}]}},"_links":{"self":[{"href":"https:\/\/www.guiamanresa.cat\/blogwp\/wp-json\/wp\/v2\/posts\/4973","targetHints":{"allow":["GET"]}}],"collection":[{"href":"https:\/\/www.guiamanresa.cat\/blogwp\/wp-json\/wp\/v2\/posts"}],"about":[{"href":"https:\/\/www.guiamanresa.cat\/blogwp\/wp-json\/wp\/v2\/types\/post"}],"author":[{"embeddable":true,"href":"https:\/\/www.guiamanresa.cat\/blogwp\/wp-json\/wp\/v2\/users\/1"}],"replies":[{"embeddable":true,"href":"https:\/\/www.guiamanresa.cat\/blogwp\/wp-json\/wp\/v2\/comments?post=4973"}],"version-history":[{"count":6,"href":"https:\/\/www.guiamanresa.cat\/blogwp\/wp-json\/wp\/v2\/posts\/4973\/revisions"}],"predecessor-version":[{"id":4992,"href":"https:\/\/www.guiamanresa.cat\/blogwp\/wp-json\/wp\/v2\/posts\/4973\/revisions\/4992"}],"wp:attachment":[{"href":"https:\/\/www.guiamanresa.cat\/blogwp\/wp-json\/wp\/v2\/media?parent=4973"}],"wp:term":[{"taxonomy":"category","embeddable":true,"href":"https:\/\/www.guiamanresa.cat\/blogwp\/wp-json\/wp\/v2\/categories?post=4973"},{"taxonomy":"post_tag","embeddable":true,"href":"https:\/\/www.guiamanresa.cat\/blogwp\/wp-json\/wp\/v2\/tags?post=4973"}],"curies":[{"name":"wp","href":"https:\/\/api.w.org\/{rel}","templated":true}]}}